{"id":1328,"date":"2011-11-23T16:22:57","date_gmt":"2011-11-23T15:22:57","guid":{"rendered":"https:\/\/blog.iese.edu\/antonioargandona\/?p=1328"},"modified":"2011-11-23T16:22:57","modified_gmt":"2011-11-23T15:22:57","slug":"recaida-en-la-crisis","status":"publish","type":"post","link":"https:\/\/blog.iese.edu\/antonioargandona\/2011\/11\/23\/recaida-en-la-crisis\/","title":{"rendered":"Reca\u00edda en la crisis"},"content":{"rendered":"<p>Hoy he tenido ocasi\u00f3n de escuchar un interesante an\u00e1lisis del sector de las <strong>Tecnolog\u00edas de la Informaci\u00f3n<\/strong>, en una reuni\u00f3n de la <em>Agenda CIO<\/em> organizada por <strong>Penteo<\/strong>. En la presentaci\u00f3n de ese an\u00e1lisis, a cargo de Iv\u00e1n Gonz\u00e1lez, se nos ha explicado que los CIOs ven un retraso de dos a\u00f1os en la salida de la crisis y una nueva insistencia de la alta direcci\u00f3n en la <strong>reducci\u00f3n de los costes<\/strong>, aunque las empresas ya hab\u00edan \u00abhecho los deberes\u00bb desde que estall\u00f3 la crisis.<\/p>\n<p>La observaci\u00f3n es relevante: si la crisis se alarga, si no crecer\u00e1 la demanda, si el cr\u00e9dito seguir\u00e1 brillando por su ausencia, lo l\u00f3gico es que las empresas vuelvan a <strong>reducir sus inversiones<\/strong> (salvo quiz\u00e1s en proyectos estrat\u00e9gicos) y moderen sus costes, para recomponer sus <strong>flujos de caja<\/strong>, con los que deber\u00e1n mantener su salud financiera y financiar aquellas inversiones. La hip\u00f3tesis de\u00a0que volveremos a los n\u00fameros negativos en el <strong>crecimiento del PIB<\/strong> adquiere as\u00ed m\u00e1s fuerza.<\/p>\n<p>Pero han ofrecido tambi\u00e9n un punto de vista positivo: las empresas siguen apostando por el <strong>crecimiento<\/strong>,&#8230; aunque no lo ven ahora como prioritario.\u00a0Claro: no saben estar sin hacer nada, tienen ganas de llevar a cabo nuevos proyectos,&#8230; pero ahora no es el momento. Quiz\u00e1s si el gobierno se mete a fondo en las <strong>reformas<\/strong> necesarias para devolver la confianza (y la rentabilidad) a la econom\u00eda, volveremos a ver proyectos en marcha.<\/p>\n","protected":false},"excerpt":{"rendered":"<p>Hoy he tenido ocasi\u00f3n de escuchar un interesante an\u00e1lisis del sector de las Tecnolog\u00edas de la Informaci\u00f3n, en una reuni\u00f3n de la Agenda CIO organizada por Penteo. En la presentaci\u00f3n de ese an\u00e1lisis, a cargo de Iv\u00e1n Gonz\u00e1lez, se nos ha explicado que los CIOs ven un retraso de dos a\u00f1os en la salida de [&hellip;]<\/p>\n","protected":false},"author":172,"featured_media":0,"comment_status":"open","ping_status":"open","sticky":false,"template":"","format":"standard","meta":{"footnotes":""},"categories":[11722],"tags":[16391,12828,162],"class_list":["post-1328","post","type-post","status-publish","format-standard","hentry","category-economia","tag-costes","tag-crecimiento","tag-crisis"],"aioseo_notices":[],"_links":{"self":[{"href":"https:\/\/blog.iese.edu\/antonioargandona\/wp-json\/wp\/v2\/posts\/1328","targetHints":{"allow":["GET"]}}],"collection":[{"href":"https:\/\/blog.iese.edu\/antonioargandona\/wp-json\/wp\/v2\/posts"}],"about":[{"href":"https:\/\/blog.iese.edu\/antonioargandona\/wp-json\/wp\/v2\/types\/post"}],"author":[{"embeddable":true,"href":"https:\/\/blog.iese.edu\/antonioargandona\/wp-json\/wp\/v2\/users\/172"}],"replies":[{"embeddable":true,"href":"https:\/\/blog.iese.edu\/antonioargandona\/wp-json\/wp\/v2\/comments?post=1328"}],"version-history":[{"count":3,"href":"https:\/\/blog.iese.edu\/antonioargandona\/wp-json\/wp\/v2\/posts\/1328\/revisions"}],"predecessor-version":[{"id":1331,"href":"https:\/\/blog.iese.edu\/antonioargandona\/wp-json\/wp\/v2\/posts\/1328\/revisions\/1331"}],"wp:attachment":[{"href":"https:\/\/blog.iese.edu\/antonioargandona\/wp-json\/wp\/v2\/media?parent=1328"}],"wp:term":[{"taxonomy":"category","embeddable":true,"href":"https:\/\/blog.iese.edu\/antonioargandona\/wp-json\/wp\/v2\/categories?post=1328"},{"taxonomy":"post_tag","embeddable":true,"href":"https:\/\/blog.iese.edu\/antonioargandona\/wp-json\/wp\/v2\/tags?post=1328"}],"curies":[{"name":"wp","href":"https:\/\/api.w.org\/{rel}","templated":true}]}}