{"id":1513,"date":"2011-12-21T17:36:50","date_gmt":"2011-12-21T16:36:50","guid":{"rendered":"https:\/\/blog.iese.edu\/antonioargandona\/?p=1513"},"modified":"2011-12-21T17:36:50","modified_gmt":"2011-12-21T16:36:50","slug":"sobre-las-reformas-de-rajoy","status":"publish","type":"post","link":"https:\/\/blog.iese.edu\/antonioargandona\/2011\/12\/21\/sobre-las-reformas-de-rajoy\/","title":{"rendered":"Sobre las reformas de Rajoy"},"content":{"rendered":"<p>Algunos me hab\u00e9is preguntado: \u00bfqu\u00e9 te parecen los planes de Rajoy para el <strong>nuevo gobierno<\/strong>?<\/p>\n<p>Me parecen bien. Claro que discrepo en algunos detalles, pero el conjunto me parece bien. Al menos por una raz\u00f3n importante: <strong>hay alguien al tim\u00f3n del barco<\/strong>. En medio de la tormenta, es bueno saber que alguien est\u00e1 donde \u00f3rdenes a la sala de m\u00e1quinas. Quiz\u00e1s no nos guste el puerto al que nos dirigimos, ni el mareo que nos espera en los pr\u00f3ximos meses,&#8230; Pero vamos hacia alg\u00fan lugar que ser\u00e1, sin duda, mejor que donde est\u00e1bamos ahora.<\/p>\n<p>Me parece bien que trate de montar un entorno de <strong>cooperaci\u00f3n<\/strong>. Entiendo que los pol\u00edticos se sientan obligados a decir que no, pero me parece un error. En una galerna como la que sufrimos, todos hemos de colaborar: unos, tapando agujeros; otros, preparando comidas; otros, en fin, distrayendo a los pasajeros. Y me parece que los mercados ver\u00e1n tambi\u00e9n con buenos ojos las medidas que se van a tomar. En todo caso, hay que explicarlas muy bien, a todos, porque todos hemos de colaborar, y necesitamos sentir que lo que hacemos es cosa nuestra.<\/p>\n","protected":false},"excerpt":{"rendered":"<p>Algunos me hab\u00e9is preguntado: \u00bfqu\u00e9 te parecen los planes de Rajoy para el nuevo gobierno? Me parecen bien. Claro que discrepo en algunos detalles, pero el conjunto me parece bien. Al menos por una raz\u00f3n importante: hay alguien al tim\u00f3n del barco. En medio de la tormenta, es bueno saber que alguien est\u00e1 donde \u00f3rdenes [&hellip;]<\/p>\n","protected":false},"author":172,"featured_media":0,"comment_status":"open","ping_status":"open","sticky":false,"template":"","format":"standard","meta":{"footnotes":""},"categories":[11722],"tags":[39033,39032,16183],"class_list":["post-1513","post","type-post","status-publish","format-standard","hentry","category-economia","tag-cooperacion","tag-politica-economica","tag-reformas"],"aioseo_notices":[],"_links":{"self":[{"href":"https:\/\/blog.iese.edu\/antonioargandona\/wp-json\/wp\/v2\/posts\/1513","targetHints":{"allow":["GET"]}}],"collection":[{"href":"https:\/\/blog.iese.edu\/antonioargandona\/wp-json\/wp\/v2\/posts"}],"about":[{"href":"https:\/\/blog.iese.edu\/antonioargandona\/wp-json\/wp\/v2\/types\/post"}],"author":[{"embeddable":true,"href":"https:\/\/blog.iese.edu\/antonioargandona\/wp-json\/wp\/v2\/users\/172"}],"replies":[{"embeddable":true,"href":"https:\/\/blog.iese.edu\/antonioargandona\/wp-json\/wp\/v2\/comments?post=1513"}],"version-history":[{"count":3,"href":"https:\/\/blog.iese.edu\/antonioargandona\/wp-json\/wp\/v2\/posts\/1513\/revisions"}],"predecessor-version":[{"id":1516,"href":"https:\/\/blog.iese.edu\/antonioargandona\/wp-json\/wp\/v2\/posts\/1513\/revisions\/1516"}],"wp:attachment":[{"href":"https:\/\/blog.iese.edu\/antonioargandona\/wp-json\/wp\/v2\/media?parent=1513"}],"wp:term":[{"taxonomy":"category","embeddable":true,"href":"https:\/\/blog.iese.edu\/antonioargandona\/wp-json\/wp\/v2\/categories?post=1513"},{"taxonomy":"post_tag","embeddable":true,"href":"https:\/\/blog.iese.edu\/antonioargandona\/wp-json\/wp\/v2\/tags?post=1513"}],"curies":[{"name":"wp","href":"https:\/\/api.w.org\/{rel}","templated":true}]}}