{"id":2371,"date":"2012-05-15T18:18:06","date_gmt":"2012-05-15T17:18:06","guid":{"rendered":"https:\/\/blog.iese.edu\/antonioargandona\/?p=2371"},"modified":"2012-05-16T16:46:02","modified_gmt":"2012-05-16T15:46:02","slug":"etica-y-conflictos","status":"publish","type":"post","link":"https:\/\/blog.iese.edu\/antonioargandona\/2012\/05\/15\/etica-y-conflictos\/","title":{"rendered":"\u00c9tica y conflictos"},"content":{"rendered":"<p>En el post anterior he hecho referencia al 17\u00ba Simposio de <strong>\u00c9tica, Empresa y Sociedad<\/strong>, que ha tenido lugar ayer y hoy en el IESE. En la primera sesi\u00f3n de ayer mi colega Carlos S\u00e1nchez-Runde trat\u00f3 de los problemas \u00e9ticos en la direcci\u00f3n de empresas en entornos <strong>multiculturales<\/strong> o, como dec\u00eda \u00e9l, cross-culturales.<\/p>\n<p>De su presentaci\u00f3n tomo una idea. Ante los conflictos sobre <strong>gustos y preferencias<\/strong>, hemos de estar de acuerdo en no estar de acuerdo. En los conflictos <strong>\u00e9ticos y legales<\/strong>, hemos de estar de acuerdo en separar, distinguir y poner prioridades. En los conflictos sobre <strong>valores culturales<\/strong>, su consejo fue combinar pluralismo, di\u00e1logo y consenso.<\/p>\n","protected":false},"excerpt":{"rendered":"<p>En el post anterior he hecho referencia al 17\u00ba Simposio de \u00c9tica, Empresa y Sociedad, que ha tenido lugar ayer y hoy en el IESE. En la primera sesi\u00f3n de ayer mi colega Carlos S\u00e1nchez-Runde trat\u00f3 de los problemas \u00e9ticos en la direcci\u00f3n de empresas en entornos multiculturales o, como dec\u00eda \u00e9l, cross-culturales. De su [&hellip;]<\/p>\n","protected":false},"author":172,"featured_media":0,"comment_status":"open","ping_status":"open","sticky":false,"template":"","format":"standard","meta":{"footnotes":""},"categories":[12798],"tags":[49477,12054,49478],"class_list":["post-2371","post","type-post","status-publish","format-standard","hentry","category-etica-y-responsabilidad-social","tag-conflictos","tag-etica","tag-multiculturalidad"],"aioseo_notices":[],"_links":{"self":[{"href":"https:\/\/blog.iese.edu\/antonioargandona\/wp-json\/wp\/v2\/posts\/2371","targetHints":{"allow":["GET"]}}],"collection":[{"href":"https:\/\/blog.iese.edu\/antonioargandona\/wp-json\/wp\/v2\/posts"}],"about":[{"href":"https:\/\/blog.iese.edu\/antonioargandona\/wp-json\/wp\/v2\/types\/post"}],"author":[{"embeddable":true,"href":"https:\/\/blog.iese.edu\/antonioargandona\/wp-json\/wp\/v2\/users\/172"}],"replies":[{"embeddable":true,"href":"https:\/\/blog.iese.edu\/antonioargandona\/wp-json\/wp\/v2\/comments?post=2371"}],"version-history":[{"count":6,"href":"https:\/\/blog.iese.edu\/antonioargandona\/wp-json\/wp\/v2\/posts\/2371\/revisions"}],"predecessor-version":[{"id":2392,"href":"https:\/\/blog.iese.edu\/antonioargandona\/wp-json\/wp\/v2\/posts\/2371\/revisions\/2392"}],"wp:attachment":[{"href":"https:\/\/blog.iese.edu\/antonioargandona\/wp-json\/wp\/v2\/media?parent=2371"}],"wp:term":[{"taxonomy":"category","embeddable":true,"href":"https:\/\/blog.iese.edu\/antonioargandona\/wp-json\/wp\/v2\/categories?post=2371"},{"taxonomy":"post_tag","embeddable":true,"href":"https:\/\/blog.iese.edu\/antonioargandona\/wp-json\/wp\/v2\/tags?post=2371"}],"curies":[{"name":"wp","href":"https:\/\/api.w.org\/{rel}","templated":true}]}}