{"id":2687,"date":"2012-07-09T11:43:29","date_gmt":"2012-07-09T10:43:29","guid":{"rendered":"https:\/\/blog.iese.edu\/antonioargandona\/?p=2687"},"modified":"2012-07-09T11:43:29","modified_gmt":"2012-07-09T10:43:29","slug":"que-futuro-espera-a-nuestros-jovenes","status":"publish","type":"post","link":"https:\/\/blog.iese.edu\/antonioargandona\/2012\/07\/09\/que-futuro-espera-a-nuestros-jovenes\/","title":{"rendered":"\u00bfQu\u00e9 futuro espera a nuestros j\u00f3venes?"},"content":{"rendered":"<p>Acabo de escribir una entrada sobre <strong>Jap\u00f3n<\/strong>. Aqu\u00ed va otra, que incide sobre un tema parecido: \u00bfc\u00f3mo ser\u00e1 el mundo para nuestros <strong>j\u00f3venes<\/strong>, dentro de unos a\u00f1os, despu\u00e9s de la <strong>crisis<\/strong>? En el suplemento <em>Life &amp; Arts<\/em> del <em>Financial Times <\/em>del pasado s\u00e1bado apareci\u00f3 un largo art\u00edculo de David Pilling titulado \u00abYouth of the\u00a0ice age\u00bb (<a href=\"http:\/\/www.ft.com\/intl\/cms\/s\/2\/0d158be8-c633-11e1-a3d5-00144feabdc0.html#axzz207R4B4Jb\" target=\"_blank\">aqu\u00ed<\/a>, en ingl\u00e9s). Se refiere a la \u00abedad de hielo\u00bb o la \u00abgran glaciaci\u00f3n\u00bb que se abri\u00f3 para los j\u00f3venes japoneses cuando se pinch\u00f3 la <strong>burbuja<\/strong> a principios de los a\u00f1os noventa y empez\u00f3 una larga recesi\u00f3n, con dificultades para conseguir <strong>empleo<\/strong> y con cambios importantes en el est\u00e1ndar de vida de aquellos j\u00f3venes.<\/p>\n<p>No pretendo sacar paralelismos con el futuro de los j\u00f3venes espa\u00f1oles, porque el entorno es muy distinto, y porque el autor, un poco ecl\u00e9ctico, mantiene abiertas varias alternativas, pero s\u00ed me parece que hay algunas ideas que pueden ayudarnos a preguntarnos por ese futuro: no dir\u00e9 que\u00a0a entenderlo, porque, probablemente,\u00a0ser\u00e1 distinto al nuestro,\u00a0al menos en cuanto que lo tienen que crear unos j\u00f3venes que todav\u00eda no han llegado a la edad de tomar decisiones sobre su vida. He aqu\u00ed algunas de las ideas de ese art\u00edculo, que me parec\u00eda interesante presentar aqu\u00ed.<\/p>\n<ul>\n<li>Son j\u00f3venes <strong>emprendedores<\/strong>, que quieren desprenderse de muchos aspectos de la cultura de sus padres. Esa cultura puso \u00e9nfasis en un <strong>\u00abascensor\u00bb laboral<\/strong>, en el que la clave estaba en encontrar un buen empleo en una gran compa\u00f1\u00eda al salir de la universidad; lo dem\u00e1s vendr\u00eda despu\u00e9s. Pero eso se ha interrumpido ahora: para muchos, la mayor\u00eda de los j\u00f3venes, no hay ascensor.<\/li>\n<li>Esto les ha obligado a trabajos m\u00e1s \u00abcasuales\u00bb. El empleo de por vida se ha acabado. Y esto obliga a plantear la vida de otra manera. Si sigues pensando en aquel ideal, vivir\u00e1s amargado. Quiz\u00e1s habr\u00e1 que <strong>empeque\u00f1ecer<\/strong> un tanto los sue\u00f1os&#8230;<\/li>\n<li>Visto desde otro \u00e1ngulo, esto no es tan desastroso. El art\u00edculo se\u00f1ala evidencias de que los j\u00f3venes son ahora m\u00e1s <strong>felices<\/strong> que en generaciones anteriores, incluso en las del boom que acab\u00f3 al principio de los a\u00f1os noventa. Y la causa es que se han desprendido del m<strong>odelo de la \u00abgratificaci\u00f3n retrasada\u00bb<\/strong> de sus mayores, que viv\u00edan siempre persiguiendo un resultado mejor (mejor casa, mejor sueldo, mejor carrera) que rara vez alcanzaban. \u00abMuy pocos cambiar\u00edan su etilo de vida actual por el de sus padres\u00bb. Quiz\u00e1s no hay un paralelismo completo con nuestra sociedad, pero, sin duda, los j\u00f3venes encontrar\u00e1n mucho que criticar en el estilo de vida de nuestra generaci\u00f3n.<\/li>\n<li>El resultado es mayor <strong>independencia<\/strong>. \u00abHoy los empleos son menos seguros, pero la gente <strong>vive el momento<\/strong>. Ahora trabajan para ellos mismos, toman sus propias decisiones, asumen sus propias responsabilidades y obtienen mejores resultados\u00bb. Quiz\u00e1s esto no puede decirse, en los mismos t\u00e9rminos, de Espa\u00f1a, pero al menos invita a una reflexi\u00f3n sobre la necesidad de encontrar un modo propio de llevar a cabo su vida. Y esto puede ser un virtud, pero tambi\u00e9n una limitaci\u00f3n (<em>carpe diem<\/em>: vive el presente y olv\u00eddate del futuro).<\/li>\n<li>Una prueba de ello es la disposici\u00f3n de algunos j\u00f3venes a <strong>abandonar carreras econ\u00f3mica y socialmente exitosas <\/strong>para hacer algo que les parece m\u00e1s \u00fatil y gratificante: trabajar para una ONG, montar su propio negocio (a veces con escasos resultados econ\u00f3micos, pero mejores consecuencias personales), actuar como voluntarios, etc. \u00abLo que vemos como una nueva frontera es <strong>hacer algo por la sociedad<\/strong> o por nuestra comunidad, no simplemente vender m\u00e1s cerveza\u00bb. La <strong>b\u00fasqueda de sentido<\/strong> es m\u00e1s importante que la b\u00fasqueda de remuneraci\u00f3n y carrera.<\/li>\n<li>En todo caso, <strong>el futuro no est\u00e1 garantizado<\/strong>, principalmente por la ca\u00edda de la natalidad, que limita dr\u00e1sticamente las expectativas de esos j\u00f3venes, aunque ellos no lo reconocen ahora. \u00abLa &#8216;generaci\u00f3n feliz&#8217; puede estar enga\u00f1\u00e1ndose a s\u00ed misma, disfrutando de su riqueza mientras Jap\u00f3n se encamina hacia la crisis. Esto convertir\u00eda a los j\u00f3venes en pasajeros del &#8216;barco de los locos&#8217; m\u00e1s que en confiados tripulantes de su propio destino.\u00a0Pero ese no es un viaje sostenible. Dentro de treinta a\u00f1os, estos j\u00f3venes que viven con sus padres tendr\u00e1n que cuidar de esos mismos padres, pero \u00bfest\u00e1n preparados, financiera y emocionalmente, para esto?\u00bb.<\/li>\n<\/ul>\n<p>Insisto en que esto no es un mapa de carreteras para nuestros j\u00f3venes desempleados y con escasas perspectivas de futuro. Pero al menos se\u00f1ala algunas preguntas que tendr\u00e1n que hacerse, y que nosotros no podremos contestar por ellos. Aunque s\u00ed les debemos poder ayudar a hacer esa reflexi\u00f3n.<\/p>\n","protected":false},"excerpt":{"rendered":"<p>Acabo de escribir una entrada sobre Jap\u00f3n. Aqu\u00ed va otra, que incide sobre un tema parecido: \u00bfc\u00f3mo ser\u00e1 el mundo para nuestros j\u00f3venes, dentro de unos a\u00f1os, despu\u00e9s de la crisis? En el suplemento Life &amp; Arts del Financial Times del pasado s\u00e1bado apareci\u00f3 un largo art\u00edculo de David Pilling titulado \u00abYouth of the\u00a0ice age\u00bb [&hellip;]<\/p>\n","protected":false},"author":172,"featured_media":0,"comment_status":"open","ping_status":"open","sticky":false,"template":"","format":"standard","meta":{"footnotes":""},"categories":[10775],"tags":[12887,40925,84753],"class_list":["post-2687","post","type-post","status-publish","format-standard","hentry","category-sociedad","tag-empleo","tag-jovenes","tag-sociedad"],"aioseo_notices":[],"_links":{"self":[{"href":"https:\/\/blog.iese.edu\/antonioargandona\/wp-json\/wp\/v2\/posts\/2687","targetHints":{"allow":["GET"]}}],"collection":[{"href":"https:\/\/blog.iese.edu\/antonioargandona\/wp-json\/wp\/v2\/posts"}],"about":[{"href":"https:\/\/blog.iese.edu\/antonioargandona\/wp-json\/wp\/v2\/types\/post"}],"author":[{"embeddable":true,"href":"https:\/\/blog.iese.edu\/antonioargandona\/wp-json\/wp\/v2\/users\/172"}],"replies":[{"embeddable":true,"href":"https:\/\/blog.iese.edu\/antonioargandona\/wp-json\/wp\/v2\/comments?post=2687"}],"version-history":[{"count":3,"href":"https:\/\/blog.iese.edu\/antonioargandona\/wp-json\/wp\/v2\/posts\/2687\/revisions"}],"predecessor-version":[{"id":2694,"href":"https:\/\/blog.iese.edu\/antonioargandona\/wp-json\/wp\/v2\/posts\/2687\/revisions\/2694"}],"wp:attachment":[{"href":"https:\/\/blog.iese.edu\/antonioargandona\/wp-json\/wp\/v2\/media?parent=2687"}],"wp:term":[{"taxonomy":"category","embeddable":true,"href":"https:\/\/blog.iese.edu\/antonioargandona\/wp-json\/wp\/v2\/categories?post=2687"},{"taxonomy":"post_tag","embeddable":true,"href":"https:\/\/blog.iese.edu\/antonioargandona\/wp-json\/wp\/v2\/tags?post=2687"}],"curies":[{"name":"wp","href":"https:\/\/api.w.org\/{rel}","templated":true}]}}