{"id":3367,"date":"2012-12-06T10:36:37","date_gmt":"2012-12-06T09:36:37","guid":{"rendered":"https:\/\/blog.iese.edu\/antonioargandona\/?p=3367"},"modified":"2012-12-10T09:38:08","modified_gmt":"2012-12-10T08:38:08","slug":"ustedes-son-formidables","status":"publish","type":"post","link":"https:\/\/blog.iese.edu\/antonioargandona\/2012\/12\/06\/ustedes-son-formidables\/","title":{"rendered":"Ustedes son formidables"},"content":{"rendered":"<p>Este es el t\u00edtulo de mi art\u00edculo de hoy en <em>El Peri\u00f3dico<\/em> (<a href=\"http:\/\/www.elperiodico.com\/es\/noticias\/opinion\/ustedes-son-formidables-2266677\" target=\"_blank\">aqu\u00ed<\/a>), tomado de un programa de radio de la <strong>cadena SER<\/strong> de los a\u00f1os sesenta y setenta. Quiere ser un elogio de las personas, empresas e instituciones que lo est\u00e1n haciendo muy bien en esta <strong>crisis<\/strong>\u00a0\u2013en todas las crisis hay muchos \u00abformidables\u00bb. Es una protesta, m\u00e1s o menos expl\u00edcita, contra los que todo lo ven mal, no porque ellos lo vean mal, que est\u00e1n en su derecho, sino a los que lo hacen por una actitud, digamos, <strong>ideol\u00f3gica<\/strong> (si las cosas se est\u00e1n arreglando, hay menos razones para salir a la calle a protestar, para echar la culpa a otros, a los banqueros, a los pol\u00edticos, a la se\u00f1ora Merkel o al capitalismo, que claro que tienen culpa, pero no solo ellos).<\/p>\n<p>Son formidables las <strong>familias<\/strong> que est\u00e1n sosteniendo a sus miembros en <strong>paro<\/strong>, quej\u00e1ndose, como es l\u00f3gico, pero sosteni\u00e9ndolos. A las que ayudan a los vecinos con problemas, bien manifest\u00e1ndose contra los <strong>desahucios<\/strong>, bien dando su ayuda econ\u00f3mica a un <strong>comedor de caridad<\/strong> o a unas personas necesitadas. A los <strong>trabajadores<\/strong> que, como las empresas tienen dificultades, aprietan los dientes, trabajan m\u00e1s y tratan de salir adelante, ellos y su empresa \u2013quej\u00e1ndose, claro, pero trabajando m\u00e1s y mejor. Y a los que se aprietan el cintur\u00f3n, que no est\u00e1n los tiempos para excesos.<\/p>\n<p>Son formidables las <strong>empresas<\/strong> que, ante la ca\u00edda de la demanda y del cr\u00e9dito, se han lanzado a explorar nuevos mercados (casi el 50% de las exportaciones espa\u00f1olas va ahora fuera de la Uni\u00f3n Europea), mantienen el <strong>empleo<\/strong> como pueden y siguen al pie del ca\u00f1\u00f3n. Como he dicho otras veces, son ellas las que nos sacar\u00e1n del atolladero. Y aprovecho para recordar las fortalezas que se ocultan en ellas: buen tejido empresarial (no en todas partes, claro), capacidad de trabajar bien, mano de obra cualificada y productiva&#8230;<\/p>\n<p>Hay m\u00e1s formidables. Y muchos contraformidables, si se me permite la expresi\u00f3n.\u00a0<strong>Pol\u00edticos<\/strong> que siguen jugando a la corrupci\u00f3n, porque su patrimonio es m\u00e1s importante que el bien com\u00fan; <strong>banqueros<\/strong> que, a estas alturas, no han dado una explicaci\u00f3n de c\u00f3mo tomaban sus decisiones en los a\u00f1os de la burbuja y que no han sabido tener la gallard\u00eda de hacer frente al problema de los <strong>desahucios<\/strong> hasta que estos han estallado en la calle; <strong>gobernantes<\/strong> que no han dado explicaciones de sus errores y que no saben renunciar a sus objetivos personales o de partido para colaborar en la soluci\u00f3n de los problemas de la sociedad; <strong>sindicatos<\/strong> que no han sabido hacer el examen de conciencia necesario para entender su parte de culpa en lo que ha pasado; familias de <strong>altos ingresos<\/strong> que han reaccionado a la crisis con la actitud ego\u00edsta de sacar su dinero del pa\u00eds, no sea que tengan que pagar m\u00e1s impuestos&#8230;<\/p>\n<p>Pero mi objetivo en el art\u00edculo citado no era criticar a los contraformidables, sino alabar a los formidables, y pedirles que aguanten, que sigan colaborando. Porque, al final, nos sacar\u00e1n adelante a todos.<\/p>\n","protected":false},"excerpt":{"rendered":"<p>Este es el t\u00edtulo de mi art\u00edculo de hoy en El Peri\u00f3dico (aqu\u00ed), tomado de un programa de radio de la cadena SER de los a\u00f1os sesenta y setenta. Quiere ser un elogio de las personas, empresas e instituciones que lo est\u00e1n haciendo muy bien en esta crisis\u00a0\u2013en todas las crisis hay muchos \u00abformidables\u00bb. Es [&hellip;]<\/p>\n","protected":false},"author":172,"featured_media":0,"comment_status":"open","ping_status":"open","sticky":false,"template":"","format":"standard","meta":{"footnotes":""},"categories":[11722],"tags":[162,1588,49493],"class_list":["post-3367","post","type-post","status-publish","format-standard","hentry","category-economia","tag-crisis","tag-espana","tag-salida-de-la-crisis"],"aioseo_notices":[],"_links":{"self":[{"href":"https:\/\/blog.iese.edu\/antonioargandona\/wp-json\/wp\/v2\/posts\/3367","targetHints":{"allow":["GET"]}}],"collection":[{"href":"https:\/\/blog.iese.edu\/antonioargandona\/wp-json\/wp\/v2\/posts"}],"about":[{"href":"https:\/\/blog.iese.edu\/antonioargandona\/wp-json\/wp\/v2\/types\/post"}],"author":[{"embeddable":true,"href":"https:\/\/blog.iese.edu\/antonioargandona\/wp-json\/wp\/v2\/users\/172"}],"replies":[{"embeddable":true,"href":"https:\/\/blog.iese.edu\/antonioargandona\/wp-json\/wp\/v2\/comments?post=3367"}],"version-history":[{"count":5,"href":"https:\/\/blog.iese.edu\/antonioargandona\/wp-json\/wp\/v2\/posts\/3367\/revisions"}],"predecessor-version":[{"id":3376,"href":"https:\/\/blog.iese.edu\/antonioargandona\/wp-json\/wp\/v2\/posts\/3367\/revisions\/3376"}],"wp:attachment":[{"href":"https:\/\/blog.iese.edu\/antonioargandona\/wp-json\/wp\/v2\/media?parent=3367"}],"wp:term":[{"taxonomy":"category","embeddable":true,"href":"https:\/\/blog.iese.edu\/antonioargandona\/wp-json\/wp\/v2\/categories?post=3367"},{"taxonomy":"post_tag","embeddable":true,"href":"https:\/\/blog.iese.edu\/antonioargandona\/wp-json\/wp\/v2\/tags?post=3367"}],"curies":[{"name":"wp","href":"https:\/\/api.w.org\/{rel}","templated":true}]}}