{"id":3879,"date":"2013-03-05T17:49:31","date_gmt":"2013-03-05T16:49:31","guid":{"rendered":"https:\/\/blog.iese.edu\/antonioargandona\/?p=3879"},"modified":"2013-03-22T13:35:54","modified_gmt":"2013-03-22T12:35:54","slug":"condiciones-para-un-dialogo-sobre-la-salida-de-la-crisis","status":"publish","type":"post","link":"https:\/\/blog.iese.edu\/antonioargandona\/2013\/03\/05\/condiciones-para-un-dialogo-sobre-la-salida-de-la-crisis\/","title":{"rendered":"Condiciones para un di\u00e1logo sobre la salida de la crisis"},"content":{"rendered":"<p>Perdone el lector, pero tengo unas ganas locas de ser optimista acerca de\u00a0la <strong>salida de la crisis<\/strong>. Por eso, el pasado\u00a0fin de semana me llev\u00e9 a casa dos mamotretos con ideas o recomendaciones sobre el tema. Solo le\u00ed uno, y debo declarar, sin reservas, que me pareci\u00f3 un panfleto ideol\u00f3gico. Pero, al mismo tiempo, me dio alegr\u00eda: \u00a1la <strong>sociedad<\/strong> se mueve!; no solo nos quejamos y nos manifestamos, sino que hacemos propuestas, tratamos de convencer a los dem\u00e1s sobre c\u00f3mo deber\u00edan ser la acciones, p\u00fablicas o privadas, que nos sacar\u00e1n de este agujero, proponemos v\u00edas para el di\u00e1logo&#8230; \u00a1Bien! Si esto sigue as\u00ed, dentro de un tiempo quiz\u00e1s acabemos acerc\u00e1ndonos a un posible consenso sobre este tema.<\/p>\n<p>\u00bfPor qu\u00e9 no me gust\u00f3 el escrito en cuesti\u00f3n, del que no pienso dar pistas para no confundir a los posibles lectores?\u00a0Perm\u00edtame el lector que lo plantee de otro modo: \u00bfqu\u00e9 condiciones debe reunir una propuesta de\u00a0medidas de pol\u00edtica econ\u00f3mica para merecer ser atendida?<\/p>\n<ul>\n<li>Debe partir de un <strong>diagn\u00f3stico<\/strong>. Si no, no sabemos de qu\u00e9 hablamos \u2013o tendremos que averiguarlo a lo largo del documento. Y como no hay acuerdo sobre ese diagn\u00f3stico,\u00a0es imperativo partir de una definici\u00f3n de los problemas. Aunque solo sea un listado. Y esto ya indicar\u00e1 algo acerca de\u00a0c\u00f3mo piensan los autores del proyecto. S\u00f3lo dos ideas, que me vinieron a la mente al leer el escrito en cuesti\u00f3n. Una: no se puede hablar del <strong>mercado de trabajo<\/strong> sin hablar de los costes del trabajo, \u00bfno? Perd\u00f3n por la comparaci\u00f3n, pero, \u00bfse puede hablar de c\u00f3mo vender m\u00e1s pl\u00e1tanos sin mencionar el precio de esa fruta? Otra: no se puede hablar de los problemas de la econom\u00eda espa\u00f1ola sin recordar que forma parte de un <strong>\u00e1rea monetaria amplia<\/strong>, con la que est\u00e1 ligada por tratados importantes y con la que le vinculan relaciones comerciales, pol\u00edticas, sociales, humanas, culturales,&#8230;<\/li>\n<li>Pero, como el listado de problemas\u00a0ser\u00e1 muy largo, habr\u00e1 que acotarlo:\u00a0habr\u00e1 que dar prioridad a unas medidas sobre otras. Y esto me lleva a otro punto que me parece importante: los <strong>objetivos<\/strong> del proyecto.<\/li>\n<li>Relacionado con esto, estar\u00e1 qui\u00e9n pagar\u00e1 los platos rotos.\u00a0De acuerdo:\u00a0los banqueros y los pol\u00edticos corruptos. Ya est\u00e1n todos en la c\u00e1rcel: \u00bfy ahora, qu\u00e9? Porque las medidas que tendremos que tomar van a beneficiar a unos\u00a0y perjudicar a otros, y esto debe quedar patente en el plan, sea porque seamos capaces de imponerlo a los perdedores, sea porque podamos negociar el reparto de ventajas y de costes, sea porque recurrimos a argumentos morales.<\/li>\n<\/ul>\n<p>Hay otras cosas que\u00a0tampoco me gustan, pero esas deber\u00edamos dejarlas para el d\u00eda del debate, si ese documento se gana su presencia en la agenda de los expertos, pol\u00edticos, sindicatos, patronales y otros agentes. Por ejemplo (y acabo):\u00a0a la vista de nuestras experiencias con los <strong>pol\u00edticos<\/strong> de este pa\u00eds en las \u00faltimas d\u00e9cadas, \u00bfpodemos confiar en que \u00f3rganos directivos de alto nivel, nombrados por\u00a0esos pol\u00edticos, vayan a comportarse de otra manera?<\/p>\n","protected":false},"excerpt":{"rendered":"<p>Perdone el lector, pero tengo unas ganas locas de ser optimista acerca de\u00a0la salida de la crisis. Por eso, el pasado\u00a0fin de semana me llev\u00e9 a casa dos mamotretos con ideas o recomendaciones sobre el tema. Solo le\u00ed uno, y debo declarar, sin reservas, que me pareci\u00f3 un panfleto ideol\u00f3gico. Pero, al mismo tiempo, me [&hellip;]<\/p>\n","protected":false},"author":172,"featured_media":0,"comment_status":"open","ping_status":"open","sticky":false,"template":"","format":"standard","meta":{"footnotes":""},"categories":[11722],"tags":[40620,49452,49493],"class_list":["post-3879","post","type-post","status-publish","format-standard","hentry","category-economia","tag-diagnostico","tag-plan","tag-salida-de-la-crisis"],"aioseo_notices":[],"_links":{"self":[{"href":"https:\/\/blog.iese.edu\/antonioargandona\/wp-json\/wp\/v2\/posts\/3879","targetHints":{"allow":["GET"]}}],"collection":[{"href":"https:\/\/blog.iese.edu\/antonioargandona\/wp-json\/wp\/v2\/posts"}],"about":[{"href":"https:\/\/blog.iese.edu\/antonioargandona\/wp-json\/wp\/v2\/types\/post"}],"author":[{"embeddable":true,"href":"https:\/\/blog.iese.edu\/antonioargandona\/wp-json\/wp\/v2\/users\/172"}],"replies":[{"embeddable":true,"href":"https:\/\/blog.iese.edu\/antonioargandona\/wp-json\/wp\/v2\/comments?post=3879"}],"version-history":[{"count":5,"href":"https:\/\/blog.iese.edu\/antonioargandona\/wp-json\/wp\/v2\/posts\/3879\/revisions"}],"predecessor-version":[{"id":3985,"href":"https:\/\/blog.iese.edu\/antonioargandona\/wp-json\/wp\/v2\/posts\/3879\/revisions\/3985"}],"wp:attachment":[{"href":"https:\/\/blog.iese.edu\/antonioargandona\/wp-json\/wp\/v2\/media?parent=3879"}],"wp:term":[{"taxonomy":"category","embeddable":true,"href":"https:\/\/blog.iese.edu\/antonioargandona\/wp-json\/wp\/v2\/categories?post=3879"},{"taxonomy":"post_tag","embeddable":true,"href":"https:\/\/blog.iese.edu\/antonioargandona\/wp-json\/wp\/v2\/tags?post=3879"}],"curies":[{"name":"wp","href":"https:\/\/api.w.org\/{rel}","templated":true}]}}