{"id":3903,"date":"2013-03-14T15:40:20","date_gmt":"2013-03-14T14:40:20","guid":{"rendered":"https:\/\/blog.iese.edu\/antonioargandona\/?p=3903"},"modified":"2013-03-20T13:58:01","modified_gmt":"2013-03-20T12:58:01","slug":"como-convencerles-de-que-nos-perdonen-la-deuda","status":"publish","type":"post","link":"https:\/\/blog.iese.edu\/antonioargandona\/2013\/03\/14\/como-convencerles-de-que-nos-perdonen-la-deuda\/","title":{"rendered":"C\u00f3mo convencerles de que nos perdonen la deuda"},"content":{"rendered":"<p>Mi colega del IESE\u00a0Alfredo Pastor viene recordando con insistencia la necesidad o, al menos, la conveniencia de que los acreedores perdonen parte de la <strong>deuda<\/strong> de los <strong>deudores<\/strong>; por ejemplo, el 8 de marzo en el diario <em>Ara <\/em>(\u00abEuropa: \u00bfalma mater o NUS?\u00bb, <a href=\"http:\/\/www.ara.cat\/premium\/opinio\/Europa-alma-mater-NUS_0_878912144.html\" target=\"_blank\">aqu\u00ed<\/a>, en catal\u00e1n, para suscriptores). \u00c9l se refiere a la <b>deuda externa<\/b> que nos atenaza, y que dificultar\u00e1 nuestra recuperaci\u00f3n. \u00abLa soluci\u00f3n [al problema del futuro del <strong>euro<\/strong>] requerir\u00e1 un acuerdo, hecho posible por los gobiernos de la zona euro, entre acreedores y deudores privados, acudiendo a los sufridos contribuyentes solo en \u00faltima instancia\u00bb.<\/p>\n<p>Alfredo se apoya en la <strong>experiencia hist\u00f3rica<\/strong> (niveles de deuda externa privada tan alta no permiten una correcci\u00f3n f\u00e1cil, de modo que, al final es necesario que los acreedores renuncien a una parte de sus derechos), a razones de <strong>eficiencia<\/strong> econ\u00f3mica para los deudores (la losa de la deuda nos impedir\u00e1 levantar cabeza durante d\u00e9cadas) y los acreedores (que se pasar\u00e1n d\u00e9cadas pele\u00e1ndose con los deudores por la recuperaci\u00f3n de su dinero), y a una raz\u00f3n de <strong>justicia<\/strong> (los que compraron c\u00e9dulas hipotecarias a nuestras cajas y bancos sab\u00edan, o deb\u00edan haber sabido, que estaban entrando en un negocio de alto riesgo, por la sencilla raz\u00f3n de que no habr\u00eda manera racional de que aquellos miles de viviendas que se estaban promoviendo se vendiesen a precios razonables y, por tanto, que las hipotecas se pudiesen pagar). Y\u00a0este es el argumento m\u00e1s s\u00f3lido, aunque, claro, los acreedores nunca lo reconocer\u00e1n, del mismo modo que los bancos espa\u00f1oles no quieren o\u00edr hablar de que concedieron hipotecas a personas que, evidentemente, no podr\u00edan hacerles frente.<\/p>\n<p>Estoy de acuerdo con Alfredo. Solo a\u00f1adir\u00e9 cuatro cosas. Una: podemos\u00a0desear ese perd\u00f3n de parte de la <strong>deuda<\/strong>, pero no podemos darlo por descontado, porque los acreedores se resistir\u00e1n como gato panza arriba y\u00a0porque sus gobiernos no querr\u00e1n adherirse a nuestra petici\u00f3n de perd\u00f3n (porque esto implicar\u00eda tener que volver a ayudar a sus bancos, que volver\u00edan a estar en crisis). O sea que ellos no tomar\u00e1n la iniciativa de ofrecernos ese perd\u00f3n.<\/p>\n<p>Dos: si ellos no lo van a ofrecer, no lo podemos pedir nosotros, porque eso ser\u00eda tanto como reconocer que somos\u00a0o que\u00a0seremos insolventes, lo que inmediatamente detendr\u00eda la financiaci\u00f3n exterior de nuestra <b>deuda p\u00fablica<\/b>,\u00a0elevar\u00eda la <strong>prima de riesgo<\/strong> y nos har\u00eda,\u00a0de verdad,\u00a0insolventes. Bueno, a lo mejor no ser\u00eda lo peor, por aquello de que es preferible ponerse una vez rojo que toda la vida amarillo. Pero no me imagino a ning\u00fan gobierno (espa\u00f1ol, portugu\u00e9s, italiano, irland\u00e9s&#8230;) anunciando esta infausta noticia, al menos en el entorno actual, aunque habr\u00e1 que esperar a ver qu\u00e9 pasa en Italia&#8230;<\/p>\n<p>Luego, tres: nosotros debemos seguir actuando como si no pasase nada: la <b>deuda<\/b> es sostenible, la pagaremos, no se preocupen, seguiremos con la <strong>austeridad<\/strong> y las <strong>reformas<\/strong>.<\/p>\n<p>Pero, cuatro: hay que moverse en otro plano.\u00a0Y no me pregunten cu\u00e1l deber\u00eda ser este plano nuevo. \u00bfUna confabulaci\u00f3n de deudores para poner un ultimatum a los acreedores? \u00bfUn plan A para devolver la deuda, con la evidencia de que es demasiado costoso para nosotros y demasiado peligroso para ellos, de modo que se vayan inclinando por un plan B que incluya\u00a0aquel perd\u00f3n parcial? \u00bfUn intercambio de\u00a0dones, por el que nuestros acreedores nos perdonan parte de la deuda a cambio de otras ventajas que podamos ofrecerles en otros frentes? No lo s\u00e9. Pero puede ser la hora del <em>slogan<\/em> de las barricadas de mayo de 1968:\u00a0la imaginaci\u00f3n al poder.<\/p>\n","protected":false},"excerpt":{"rendered":"<p>Mi colega del IESE\u00a0Alfredo Pastor viene recordando con insistencia la necesidad o, al menos, la conveniencia de que los acreedores perdonen parte de la deuda de los deudores; por ejemplo, el 8 de marzo en el diario Ara (\u00abEuropa: \u00bfalma mater o NUS?\u00bb, aqu\u00ed, en catal\u00e1n, para suscriptores). \u00c9l se refiere a la deuda externa [&hellip;]<\/p>\n","protected":false},"author":172,"featured_media":0,"comment_status":"open","ping_status":"open","sticky":false,"template":"","format":"standard","meta":{"footnotes":""},"categories":[11722],"tags":[67634,67635,16178],"class_list":["post-3903","post","type-post","status-publish","format-standard","hentry","category-economia","tag-deuda-externa","tag-deuda-privada","tag-perdon"],"aioseo_notices":[],"_links":{"self":[{"href":"https:\/\/blog.iese.edu\/antonioargandona\/wp-json\/wp\/v2\/posts\/3903","targetHints":{"allow":["GET"]}}],"collection":[{"href":"https:\/\/blog.iese.edu\/antonioargandona\/wp-json\/wp\/v2\/posts"}],"about":[{"href":"https:\/\/blog.iese.edu\/antonioargandona\/wp-json\/wp\/v2\/types\/post"}],"author":[{"embeddable":true,"href":"https:\/\/blog.iese.edu\/antonioargandona\/wp-json\/wp\/v2\/users\/172"}],"replies":[{"embeddable":true,"href":"https:\/\/blog.iese.edu\/antonioargandona\/wp-json\/wp\/v2\/comments?post=3903"}],"version-history":[{"count":7,"href":"https:\/\/blog.iese.edu\/antonioargandona\/wp-json\/wp\/v2\/posts\/3903\/revisions"}],"predecessor-version":[{"id":3943,"href":"https:\/\/blog.iese.edu\/antonioargandona\/wp-json\/wp\/v2\/posts\/3903\/revisions\/3943"}],"wp:attachment":[{"href":"https:\/\/blog.iese.edu\/antonioargandona\/wp-json\/wp\/v2\/media?parent=3903"}],"wp:term":[{"taxonomy":"category","embeddable":true,"href":"https:\/\/blog.iese.edu\/antonioargandona\/wp-json\/wp\/v2\/categories?post=3903"},{"taxonomy":"post_tag","embeddable":true,"href":"https:\/\/blog.iese.edu\/antonioargandona\/wp-json\/wp\/v2\/tags?post=3903"}],"curies":[{"name":"wp","href":"https:\/\/api.w.org\/{rel}","templated":true}]}}