{"id":4189,"date":"2013-04-24T20:09:57","date_gmt":"2013-04-24T19:09:57","guid":{"rendered":"https:\/\/blog.iese.edu\/antonioargandona\/?p=4189"},"modified":"2013-04-24T20:09:57","modified_gmt":"2013-04-24T19:09:57","slug":"otra-vez-margaret-thatcher","status":"publish","type":"post","link":"https:\/\/blog.iese.edu\/antonioargandona\/2013\/04\/24\/otra-vez-margaret-thatcher\/","title":{"rendered":"Otra vez Margaret Thatcher"},"content":{"rendered":"<p><a href=\"https:\/\/blog.iese.edu\/antonioargandona\/files\/2013\/04\/rr-margaret-thatcher-study-guide.jpg\"><img loading=\"lazy\" decoding=\"async\" class=\"alignleft size-full wp-image-4191\" alt=\"rr-margaret-thatcher-study-guide\" src=\"https:\/\/blog.iese.edu\/antonioargandona\/files\/2013\/04\/rr-margaret-thatcher-study-guide.jpg\" width=\"288\" height=\"224\" \/><\/a>Hace unos d\u00edas escrib\u00ed una entrada \u00abde urgencia\u00bb tras el fallecimiento de <strong>Margaret Thatcher<\/strong> (<a href=\"https:\/\/blog.iese.edu\/antonioargandona\/2013\/04\/09\/margaret-thatcher-1925-2013\/\" target=\"_blank\">aqu\u00ed<\/a>). Entonces anunci\u00e9 que volver\u00eda a hablar de ella. Lo hago recogiendo algunas de las cosas que se han dicho de ella. No, por supuestos, los insultos que se le han dirigido, ni las canciones con que algunos han celebrado su fallecimiento, que me parecen, \u00bfc\u00f3mo lo dir\u00eda?, un homenaje p\u00f3stumo, aunque de mal gusto. Claro que hizo muchas cosas mal; aqu\u00ed me dentendr\u00e9, sobre todo, en algunas que, en mi opini\u00f3n, merecen ser recordadas.<\/p>\n<p>En el terreno <strong>pol\u00edtico<\/strong>, su fe en la <strong>democracia parlamentaria<\/strong> y en la <strong>responsabilidad<\/strong> [en el deber de rendir cuentas] de los representantes elegidos para la C\u00e1mara de los Comunes. Su valent\u00eda y decisi\u00f3n al emprender unas <strong>reformas<\/strong> que, sab\u00eda, iban a recibir cr\u00edticas y reacciones violentas. Claro que contaba tambi\u00e9n con el apoyo de sus electores, que ten\u00edan muy presente, como dijo alg\u00fan comentarista, que \u00aba principios de 1979 Gran Breta\u00f1a era un lugar terrible para vivir. Decenas de miles de trabajadores del sector p\u00fablico en huelga, conductores de camiones neg\u00e1ndose a transportar el fuel para las calefacciones, obligando al cierre de miles de escuelas; difuntos que no pod\u00edan ser enterrados en Liverpool por la huelga de sepultureros&#8230;\u00bb<\/p>\n<p>En su pol\u00edtica econ\u00f3mica\u00a0se enfrent\u00f3 al <strong>socialismo<\/strong>, pero tambi\u00e9n, como ha recordado Harold James, luch\u00f3 contra el \u00ab<strong>establishment<\/strong>\u00ab.\u00a0Como dec\u00eda <em>The Economist<\/em>, \u00abla esencia del thatcherismo era la oposici\u00f3n al <strong>status quo<\/strong> y la apuesta por la <strong>libertad<\/strong> (&#8230;) Ella pens\u00f3 que las naciones solo pueden ser grandes si los individuos se sienten libres. Sus batallas tuvieron un tema: el derecho de los individuos a dirigir sus propias vidas, con toda la libertad posible respecto de la microgesti\u00f3n del Estado\u00bb. Sus pol\u00edticas fueron contraculturales en la Gran Breta\u00f1a de finales de los a\u00f1os 70: lucha contra la <strong>inflaci\u00f3n<\/strong> con una <strong>pol\u00edtica monetaria<\/strong> rigurosa, reducci\u00f3n del peso del <strong>Estado<\/strong> y del <strong>d\u00e9ficit p\u00fablico<\/strong>, <strong>privatizaciones<\/strong>, fomento de la <strong>competencia<\/strong>, m\u00e1s all\u00e1 de los sesgos nacionalistas (fueron los a\u00f1os en que la industria japonesa eligi\u00f3 a su pa\u00eds como sede de sus negocios en Europa, con magn\u00edficos efectos para la competitividad y el desarrollo de la industria brit\u00e1ncia).<\/p>\n<p>Ya dije hace unos d\u00edas que, para juzgar sus pol\u00edticas, hay que tener en cuenta el entorno en que se movi\u00f3. A ra\u00edz de su muerte, el <em>Financial Times<\/em> recordaba que \u00aben 1979 el <strong>Reino Unido<\/strong> era una naci\u00f3n esclerotizada por las empresas de servicios p\u00fablicos <strong>nacionalizadas<\/strong>, <strong>impuestos<\/strong> punitivos, controles de tipos de cambio, todopoderosos sindicatos y centros financieros dormidos\u00bb.\u00a0Y a\u00f1ad\u00eda: \u00abhacia 1990, todo eso hab\u00eda sido cambiado de arriba a abajo\u00bb, hasta el punto de que el partido laborista se convirti\u00f3 a la \u00abherej\u00eda\u00bb thatcherita. \u00abReducir la Thatcher a ideolog\u00eda econ\u00f3mica tambi\u00e9n olvida el sentido m\u00e1s importante de su liderazgo. Ella quer\u00eda que las reformas materiales condujeran a algo intangible: el cambio de la <strong>cultura<\/strong> y del temperamento de su pa\u00eds (&#8230;) Su legado no fue el orden -aunque fue un magn\u00edfico resultado en un pa\u00eds que luchaba por gobernarse a s\u00ed mismo-, sino la <strong>libertad<\/strong>. &#8216;La econom\u00eda es el m\u00e9todo, dijo una vez; el objetivo es cambiar el coraz\u00f3n y el alma'\u00bb.<\/p>\n<p>Se gan\u00f3 muchos motivos para que sus enemigos hayan celebrado su muerte. Se le acusa, por ejemplo, de un aumento en la <strong>desigualdad<\/strong> de las rentas, quiz\u00e1s porque no supo o no quiso plantear alternativas a la decadencia de los regiones mineras del Norte. Tambi\u00e9n se le acusa de haber destruido el estado del bienestar, aunque el <em>Financial Times<\/em> afirmaba que \u00abera un pol\u00edtico pragm\u00e1tico que mostr\u00f3 poco inter\u00e9s en aventuras pol\u00edticamente suicidas para demoler los pilares del estado del bienestar\u00bb.\u00a0No soy yo qui\u00e9n para juzgar sobre esto, aunque, a la vista de las reacciones viscerales de algunos medios de izquierdas espa\u00f1oles, me parece que les doli\u00f3 m\u00e1s que desmontase la prepotencia de los sindicatos y que favoreciese una ideolog\u00eda que no se compagina con ciertas actitudes intervencionistas.\u00a0Como una periodista espa\u00f1ola recordaba a ra\u00edz de su fallecimiento,\u00a0hay que poner en su debe \u00abla privatizaci\u00f3n de los bienes que hab\u00edan sido nacionalizados, la desregulaci\u00f3n de los mercados -el financiero y el laboral-, los recortes del\u00a0estado del bienestar y el freno a una Uni\u00f3n Europea que fuera pol\u00edtica\u00bb.\u00a0Salvo que juzguemos esos cr\u00edmenes con argumentos ideol\u00f3gicos, no me parecen suficientes para justificar\u00a0la\u00a0cr\u00edtica que le hacen.\u00a0Claro que su ejemplo cundi\u00f3, y otros pa\u00edses incurrieron en esos \u00abpecados liberales\u00bb, empezando por los de la <strong>Europa ex-comunista<\/strong>. Y, claro, eso debe ser censurado por algunas izquierdas.\u00a0\u00abLo que la Thatcher destruy\u00f3 realmente fue el <strong>corporativismo<\/strong>, el anticuado\u00a0compadreo\u00a0del gobierno, los sindicatos y los reyezuelos industriales\u00bb, dice Janan Ganesh en\u00a0el <em>Financial\u00a0Times<\/em>.\u00a0Es verdad, pero&#8230; mala hierba nunca muere, y ahora tambi\u00e9n hay otros compadreos no menos peligrosos,\u00a0en las islas y tambi\u00e9n en nuestro pa\u00eds.<\/p>\n","protected":false},"excerpt":{"rendered":"<p>Hace unos d\u00edas escrib\u00ed una entrada \u00abde urgencia\u00bb tras el fallecimiento de Margaret Thatcher (aqu\u00ed). Entonces anunci\u00e9 que volver\u00eda a hablar de ella. Lo hago recogiendo algunas de las cosas que se han dicho de ella. No, por supuestos, los insultos que se le han dirigido, ni las canciones con que algunos han celebrado su [&hellip;]<\/p>\n","protected":false},"author":172,"featured_media":0,"comment_status":"open","ping_status":"open","sticky":false,"template":"","format":"standard","meta":{"footnotes":""},"categories":[11722],"tags":[18798,20427,67671],"class_list":["post-4189","post","type-post","status-publish","format-standard","hentry","category-economia","tag-liberalismo","tag-margaret-thatcher","tag-socialismo"],"aioseo_notices":[],"_links":{"self":[{"href":"https:\/\/blog.iese.edu\/antonioargandona\/wp-json\/wp\/v2\/posts\/4189","targetHints":{"allow":["GET"]}}],"collection":[{"href":"https:\/\/blog.iese.edu\/antonioargandona\/wp-json\/wp\/v2\/posts"}],"about":[{"href":"https:\/\/blog.iese.edu\/antonioargandona\/wp-json\/wp\/v2\/types\/post"}],"author":[{"embeddable":true,"href":"https:\/\/blog.iese.edu\/antonioargandona\/wp-json\/wp\/v2\/users\/172"}],"replies":[{"embeddable":true,"href":"https:\/\/blog.iese.edu\/antonioargandona\/wp-json\/wp\/v2\/comments?post=4189"}],"version-history":[{"count":3,"href":"https:\/\/blog.iese.edu\/antonioargandona\/wp-json\/wp\/v2\/posts\/4189\/revisions"}],"predecessor-version":[{"id":4194,"href":"https:\/\/blog.iese.edu\/antonioargandona\/wp-json\/wp\/v2\/posts\/4189\/revisions\/4194"}],"wp:attachment":[{"href":"https:\/\/blog.iese.edu\/antonioargandona\/wp-json\/wp\/v2\/media?parent=4189"}],"wp:term":[{"taxonomy":"category","embeddable":true,"href":"https:\/\/blog.iese.edu\/antonioargandona\/wp-json\/wp\/v2\/categories?post=4189"},{"taxonomy":"post_tag","embeddable":true,"href":"https:\/\/blog.iese.edu\/antonioargandona\/wp-json\/wp\/v2\/tags?post=4189"}],"curies":[{"name":"wp","href":"https:\/\/api.w.org\/{rel}","templated":true}]}}