{"id":4390,"date":"2013-06-01T11:53:04","date_gmt":"2013-06-01T10:53:04","guid":{"rendered":"https:\/\/blog.iese.edu\/antonioargandona\/?p=4390"},"modified":"2013-05-31T15:29:43","modified_gmt":"2013-05-31T14:29:43","slug":"austeridad-y-reformas-segun-joaquin-almunia","status":"publish","type":"post","link":"https:\/\/blog.iese.edu\/antonioargandona\/2013\/06\/01\/austeridad-y-reformas-segun-joaquin-almunia\/","title":{"rendered":"Austeridad y reformas seg\u00fan Joaqu\u00edn Almunia"},"content":{"rendered":"<p>Hace unos d\u00edas, el 20 de mayo, <em>El Peri\u00f3dico <\/em>public\u00f3 una entrevista a <strong>Joaqu\u00edn Almunia<\/strong>, Comisario Europeo de Competencia (<a href=\"http:\/\/www.elperiodico.com\/es\/noticias\/crisis-economica\/austeridad-imprescindible-pero-esta-mal-repartida-periodico-catalunya-2395074\" target=\"_blank\">aqu\u00ed<\/a>). Tiene muchas ideas interesantes, que deber\u00edamos leer con inter\u00e9s en esta convulsa sociedad espa\u00f1ola. He aqu\u00ed algunas (se\u00f1alo en cursiva lo que quiero destacar):<\/p>\n<p>\u00abEntiendo que la gente reaccione de manera negativa ante <strong>recortes, ajustes y sacrificios<\/strong>, sobre todo porque <em>est\u00e1n muy mal repartidos<\/em> y porque <em>nadie se toma el trabajo de explicarlos<\/em>\u00bb \u2013y yo a\u00f1adir\u00eda que se toman el trabajo de tergiversarlos\u2013. \u00abPero<em> ante una monta\u00f1a ingente de <strong>deuda p\u00fablica y privada<\/strong>, la <strong>austeridad<\/strong> es imprescindible<\/em>\u00ab. Y cuando le pregunta el periodista si esto no ahogar\u00e1 a la econom\u00eda, aclara: \u00ab<em>A la econom\u00eda la ha ahogado la deuda y un<strong> sistema financiero<\/strong> ineficaz<\/em>\u00ab. \u00abEl est\u00edmulo m\u00e1s urgente es <em>reparar el sistema financiero<\/em>, que el cr\u00e9dito vuelva a fluir a las empresas\u00bb.<\/p>\n<p>\u00abHay que tener <em>un debate mucho m\u00e1s profundo<\/em> sobre lo que debe hacerse para <strong>generar empleo<\/strong>, de quiu\u00e9n tiene que hacerlo y c\u00f3mo\u00bb.<\/p>\n<p>\u00abEn Espa\u00f1a falta <em>una <strong>visi\u00f3n a medio y largo plazo <\/strong><\/em>m\u00e1s clara, unos <em>objetivos<\/em> m\u00e1s definidos y un <em>listado de acciones y <strong>prioridades<\/strong><\/em> viables, que puedan contar con un <em>apoyo pol\u00edtico y social<\/em> m\u00e1s amplio que la mayor\u00eda parlamentaria\u00bb.<\/p>\n<p>\u00ab<strong><em>Las reformas son la base del crecimiento. No puede haber crecimiento sin reformas<\/em><\/strong>\u00ab.<\/p>\n<p>\u00abEn Espa\u00f1a debe haber <em>un debate sobre el <strong>sistema tributario<\/strong><\/em>. La crisis ha evaporado 5 \u00f3 6 puntos de recaudaci\u00f3n que no volver\u00e1n. <em>El nivel de ingresos no permite sostener la protecci\u00f3n social, la educaci\u00f3n y la sanidad que la poblaci\u00f3n pide<\/em>. Hay que luchar contra el <strong>fraude fiscal<\/strong>, racionalizar el gasto y que la poblaci\u00f3n m\u00e1s pudiente contribuya m\u00e1s\u00bb.<\/p>\n<p>Sobre la <strong>reforma laboral<\/strong>: \u00abNo digo que esta sea una reforma perfecta y podr\u00eda criticar aspectos concretos, pero <em>Espa\u00f1a necesitaba una reforma del mercado laboral<\/em> porque cada vez que hay una crisis, las cifras de <strong>paro<\/strong> espa\u00f1olas baten los r\u00e9cords de Europa\u00bb.<\/p>\n","protected":false},"excerpt":{"rendered":"<p>Hace unos d\u00edas, el 20 de mayo, El Peri\u00f3dico public\u00f3 una entrevista a Joaqu\u00edn Almunia, Comisario Europeo de Competencia (aqu\u00ed). Tiene muchas ideas interesantes, que deber\u00edamos leer con inter\u00e9s en esta convulsa sociedad espa\u00f1ola. He aqu\u00ed algunas (se\u00f1alo en cursiva lo que quiero destacar): \u00abEntiendo que la gente reaccione de manera negativa ante recortes, ajustes [&hellip;]<\/p>\n","protected":false},"author":172,"featured_media":0,"comment_status":"open","ping_status":"open","sticky":false,"template":"","format":"standard","meta":{"footnotes":""},"categories":[11722],"tags":[14322,67689,16183],"class_list":["post-4390","post","type-post","status-publish","format-standard","hentry","category-economia","tag-austeridad","tag-miguel-almunia","tag-reformas"],"aioseo_notices":[],"_links":{"self":[{"href":"https:\/\/blog.iese.edu\/antonioargandona\/wp-json\/wp\/v2\/posts\/4390","targetHints":{"allow":["GET"]}}],"collection":[{"href":"https:\/\/blog.iese.edu\/antonioargandona\/wp-json\/wp\/v2\/posts"}],"about":[{"href":"https:\/\/blog.iese.edu\/antonioargandona\/wp-json\/wp\/v2\/types\/post"}],"author":[{"embeddable":true,"href":"https:\/\/blog.iese.edu\/antonioargandona\/wp-json\/wp\/v2\/users\/172"}],"replies":[{"embeddable":true,"href":"https:\/\/blog.iese.edu\/antonioargandona\/wp-json\/wp\/v2\/comments?post=4390"}],"version-history":[{"count":7,"href":"https:\/\/blog.iese.edu\/antonioargandona\/wp-json\/wp\/v2\/posts\/4390\/revisions"}],"predecessor-version":[{"id":4428,"href":"https:\/\/blog.iese.edu\/antonioargandona\/wp-json\/wp\/v2\/posts\/4390\/revisions\/4428"}],"wp:attachment":[{"href":"https:\/\/blog.iese.edu\/antonioargandona\/wp-json\/wp\/v2\/media?parent=4390"}],"wp:term":[{"taxonomy":"category","embeddable":true,"href":"https:\/\/blog.iese.edu\/antonioargandona\/wp-json\/wp\/v2\/categories?post=4390"},{"taxonomy":"post_tag","embeddable":true,"href":"https:\/\/blog.iese.edu\/antonioargandona\/wp-json\/wp\/v2\/tags?post=4390"}],"curies":[{"name":"wp","href":"https:\/\/api.w.org\/{rel}","templated":true}]}}