{"id":4554,"date":"2013-06-26T11:28:41","date_gmt":"2013-06-26T10:28:41","guid":{"rendered":"https:\/\/blog.iese.edu\/antonioargandona\/?p=4554"},"modified":"2013-06-27T07:48:58","modified_gmt":"2013-06-27T06:48:58","slug":"panorama-para-despues-de-la-crisis","status":"publish","type":"post","link":"https:\/\/blog.iese.edu\/antonioargandona\/2013\/06\/26\/panorama-para-despues-de-la-crisis\/","title":{"rendered":"Panorama para despu\u00e9s de la crisis"},"content":{"rendered":"<p>Hab\u00eda olvidado mencionar aqu\u00ed mi \u00faltimo art\u00edculo, publicado en <em>El Peri\u00f3dico<\/em> el 20 de junio, con el t\u00edtulo de esta entrada, <strong>\u00abPanorama para despu\u00e9s de la crisis\u00bb<\/strong>.\u00a0No es una <strong>predicci\u00f3n,<\/strong> de las muchas que se hacen ahora, sobre\u00a0cu\u00e1ndo saldremos\u00a0de la <strong>crisis<\/strong>, sino\u00a0<strong>una reflexi\u00f3n sobre lo que nos espera despu\u00e9s de la crisis<\/strong>.<\/p>\n<p>Tiene dos motivaciones: la frecuencia con que en los medios de comunicaci\u00f3n se habla ahora de esa <strong>salida<\/strong> de la crisis, y la noticia de que el <strong>Banco Mundial<\/strong> ha reducido sus <strong>previsiones<\/strong> de crecimiento mundial, sugiriendo que vamos hacia lo que se llama a menudo un \u00ab<strong>nuevo normal<\/strong>\u00ab<strong>,<\/strong> una realidad que ser\u00e1 distinta de la del pasado y, concretamente, de los felices a\u00f1os de la burbuja, la euforia y el auge.<\/p>\n<p>Apunto algunas ideas de ese \u00abnuevo normal\u00bb. Podemos <strong>crecer menos<\/strong>, porque somos <strong>m\u00e1s pobres<\/strong>, hemos perdido mucha <strong>capacidad productiva<\/strong>, utilizamos muy mal nuestros <strong>recursos<\/strong>, hemos echado por la borda mucho <strong>capital humano<\/strong> al reducir el empleo y mucho <strong>capital productivo<\/strong> con el cierre de tantas empresas. Y estamos muy <strong>endeudados<\/strong>, y lo estaremos durante a\u00f1os, lo que nos obliga a ser <strong>austeros<\/strong>, por mal que nos caiga esta palabra.<\/p>\n<p>Este panorama, que reconozco poco atractivo, pretende ser <strong>optimista<\/strong>, al menos en un sentido: es, o pretende ser, realista y, por tanto, es una invitaci\u00f3n a actuar. \u00abYo lo haremos cuando las cosas mejoren\u00bb, me dice el lector. No: ya han mejorado, estamos en este \u00abnuevo normal\u00bb. Y, muy importante, estamos nosotros <strong>al mando de nuestro barco<\/strong>.<\/p>\n<p>Lo que debemos hacer no depende de que <strong>Europa<\/strong> nos d\u00e9 dinero, ni de que el <strong>Banco Central Europeo<\/strong> fomente el cr\u00e9dito a las pymes, ni de que el <strong>gobierno<\/strong> acierte&#8230; Depende de nosotros, de las <strong>empresas<\/strong> y de los <strong>ciudadanos<\/strong>. Es \u2013ya lo he dicho muchas veces\u2013 la hora de las\u00a0<strong>reformas<\/strong>.<\/p>\n","protected":false},"excerpt":{"rendered":"<p>Hab\u00eda olvidado mencionar aqu\u00ed mi \u00faltimo art\u00edculo, publicado en El Peri\u00f3dico el 20 de junio, con el t\u00edtulo de esta entrada, \u00abPanorama para despu\u00e9s de la crisis\u00bb.\u00a0No es una predicci\u00f3n, de las muchas que se hacen ahora, sobre\u00a0cu\u00e1ndo saldremos\u00a0de la crisis, sino\u00a0una reflexi\u00f3n sobre lo que nos espera despu\u00e9s de la crisis. Tiene dos motivaciones: [&hellip;]<\/p>\n","protected":false},"author":172,"featured_media":0,"comment_status":"open","ping_status":"open","sticky":false,"template":"","format":"standard","meta":{"footnotes":""},"categories":[11722],"tags":[12828,16183,49493],"class_list":["post-4554","post","type-post","status-publish","format-standard","hentry","category-economia","tag-crecimiento","tag-reformas","tag-salida-de-la-crisis"],"aioseo_notices":[],"_links":{"self":[{"href":"https:\/\/blog.iese.edu\/antonioargandona\/wp-json\/wp\/v2\/posts\/4554","targetHints":{"allow":["GET"]}}],"collection":[{"href":"https:\/\/blog.iese.edu\/antonioargandona\/wp-json\/wp\/v2\/posts"}],"about":[{"href":"https:\/\/blog.iese.edu\/antonioargandona\/wp-json\/wp\/v2\/types\/post"}],"author":[{"embeddable":true,"href":"https:\/\/blog.iese.edu\/antonioargandona\/wp-json\/wp\/v2\/users\/172"}],"replies":[{"embeddable":true,"href":"https:\/\/blog.iese.edu\/antonioargandona\/wp-json\/wp\/v2\/comments?post=4554"}],"version-history":[{"count":5,"href":"https:\/\/blog.iese.edu\/antonioargandona\/wp-json\/wp\/v2\/posts\/4554\/revisions"}],"predecessor-version":[{"id":4558,"href":"https:\/\/blog.iese.edu\/antonioargandona\/wp-json\/wp\/v2\/posts\/4554\/revisions\/4558"}],"wp:attachment":[{"href":"https:\/\/blog.iese.edu\/antonioargandona\/wp-json\/wp\/v2\/media?parent=4554"}],"wp:term":[{"taxonomy":"category","embeddable":true,"href":"https:\/\/blog.iese.edu\/antonioargandona\/wp-json\/wp\/v2\/categories?post=4554"},{"taxonomy":"post_tag","embeddable":true,"href":"https:\/\/blog.iese.edu\/antonioargandona\/wp-json\/wp\/v2\/tags?post=4554"}],"curies":[{"name":"wp","href":"https:\/\/api.w.org\/{rel}","templated":true}]}}