{"id":4732,"date":"2013-08-11T12:00:12","date_gmt":"2013-08-11T11:00:12","guid":{"rendered":"https:\/\/blog.iese.edu\/antonioargandona\/?p=4732"},"modified":"2013-08-16T10:26:54","modified_gmt":"2013-08-16T09:26:54","slug":"la-economia-espanola-esta-de-vacaciones","status":"publish","type":"post","link":"https:\/\/blog.iese.edu\/antonioargandona\/2013\/08\/11\/la-economia-espanola-esta-de-vacaciones\/","title":{"rendered":"La economia espa\u00f1ola est\u00e1 de vacaciones"},"content":{"rendered":"<p>El lector se habr\u00e1 dado cuenta, probablemente, que estoy de vacaciones. Pero no dejo mi blog, aunque estos d\u00edas sigo menos las noticias del <strong>d\u00eda a d\u00eda<\/strong> y me dedico m\u00e1s a \u00abfilosofar\u00bb. O mejor, no hay noticias relevantes en el d\u00eda a d\u00eda, al menos en la <strong>econom\u00eda espa\u00f1ola<\/strong>. Porque todos estamos de vacaciones \u2013aunque reconozco que hay muchos ciudadanos que no tienen un descanso en este mes de agosto.<\/p>\n<p>Me acordaba d\u00edas atr\u00e1s del verano de <strong>1992:<\/strong> Juegos Ol\u00edmpicos en Barcelona, Exposici\u00f3n Internacional en Sevilla, Madrid Capital de la Cultura&#8230; El regreso fue una bofetada: sobre las mesas de las empresas, docenas de facturas impagadas, pedidos cancelados&#8230; En los trabajadores, la expectativa del pr\u00f3ximo desempleo&#8230; Algo as\u00ed vivimos tambi\u00e9n en 2011 y 2012, sin las euforias de las fiestas ol\u00edmpicas y similares.<\/p>\n<p>El panorama hoy es, me parece, diferente. Los <strong>indicadores<\/strong> que van llegando son positivos o, al menos, no tan negativos como hace unos meses. Luego, cada uno har\u00e1 la interpretaci\u00f3n que le parezca m\u00e1s adecuada. Yo soy <strong>optimista<\/strong>\u00a0\u2013siempre lo he sido\u2013, pero no tanto como para anunciar que, a partir del oto\u00f1o, ataremos los perros con longanizas, como dice el refr\u00e1n castellano. Ya he comentado otras\u00a0veces c\u00f3mo, me parece, ser\u00e1 la <strong>recuperaci\u00f3n<\/strong>. Primero, el <strong>saneamiento<\/strong> de las <strong>empresas<\/strong>\u00a0\u2013moderaci\u00f3n de <strong>costes<\/strong>, en forma de menos empleo (me parece que ya queda poco de esto)\u00a0o de reducci\u00f3n de salarios, pero tambi\u00e9n de menos <strong>ineficiencias\u2013<\/strong>\u00a0y el control de los <strong>morosos<\/strong>. Luego, la recuperaci\u00f3n de la <strong>confianza<\/strong> de las familias \u2013cuando vean que su <strong>puesto de trabajo<\/strong> no corre peligro, o no corre tanto peligro como hace unos meses. Los sectores <strong>exportadores<\/strong>, din\u00e1micos. En el interior, recuperaci\u00f3n lenta de la confianza \u2013si no hay <em>tsunamis<\/em> que echen a perder todo lo ganado.<\/p>\n<p>Ya he dicho otras veces que esto no es m\u00e9rito de los <strong>gobiernos<\/strong>, sino de las <strong>empresas<\/strong> y de los <strong>trabajadores<\/strong>, y de la fortaleza de las <strong>familias<\/strong>. Tampoco ser\u00e1 m\u00e9rito de los <strong>mercados financieros<\/strong>, ni de nuestros <strong>socios europeos<\/strong>. Pero no es hora de ponerse medallas: hay que apretar los dientes y seguir trabajando. Y, por favor, una vez que hayamos dejado el pino en el que hemos reposado durante estas vacaciones, que nadie busque otro para tumbarse a la bartola. La recuperaci\u00f3n del crecimiento, la soluci\u00f3n del desempleo, la consolidaci\u00f3n de la econom\u00eda son tareas dif\u00edciles, y hacen falta todos los brazos. <strong>Incertidumbres<\/strong> las seguir\u00e1 habiendo, y muchas, pero que nadie espere\u00a0la desaparici\u00f3n de esas incertidumbres\u00a0durante bastante\u00a0tiempo.<\/p>\n<p>Perd\u00f3n por este fervor\u00edn, pero se ve que el sol me ha afectado demasiado. En todo caso, la pregunta no debe ser: \u00bfy qu\u00e9 voy a ganar yo de todo esto?, sino \u00bfqu\u00e9 debo hacer, qu\u00e9 se espera que haga yo en esas circunstancias? Y que nadie conteste que no puede hacer nada&#8230;<\/p>\n","protected":false},"excerpt":{"rendered":"<p>El lector se habr\u00e1 dado cuenta, probablemente, que estoy de vacaciones. Pero no dejo mi blog, aunque estos d\u00edas sigo menos las noticias del d\u00eda a d\u00eda y me dedico m\u00e1s a \u00abfilosofar\u00bb. O mejor, no hay noticias relevantes en el d\u00eda a d\u00eda, al menos en la econom\u00eda espa\u00f1ola. Porque todos estamos de vacaciones [&hellip;]<\/p>\n","protected":false},"author":172,"featured_media":0,"comment_status":"open","ping_status":"open","sticky":false,"template":"","format":"standard","meta":{"footnotes":""},"categories":[11722],"tags":[12828,23550,12823],"class_list":["post-4732","post","type-post","status-publish","format-standard","hentry","category-economia","tag-crecimiento","tag-empresas","tag-recuperacion"],"aioseo_notices":[],"_links":{"self":[{"href":"https:\/\/blog.iese.edu\/antonioargandona\/wp-json\/wp\/v2\/posts\/4732","targetHints":{"allow":["GET"]}}],"collection":[{"href":"https:\/\/blog.iese.edu\/antonioargandona\/wp-json\/wp\/v2\/posts"}],"about":[{"href":"https:\/\/blog.iese.edu\/antonioargandona\/wp-json\/wp\/v2\/types\/post"}],"author":[{"embeddable":true,"href":"https:\/\/blog.iese.edu\/antonioargandona\/wp-json\/wp\/v2\/users\/172"}],"replies":[{"embeddable":true,"href":"https:\/\/blog.iese.edu\/antonioargandona\/wp-json\/wp\/v2\/comments?post=4732"}],"version-history":[{"count":5,"href":"https:\/\/blog.iese.edu\/antonioargandona\/wp-json\/wp\/v2\/posts\/4732\/revisions"}],"predecessor-version":[{"id":4756,"href":"https:\/\/blog.iese.edu\/antonioargandona\/wp-json\/wp\/v2\/posts\/4732\/revisions\/4756"}],"wp:attachment":[{"href":"https:\/\/blog.iese.edu\/antonioargandona\/wp-json\/wp\/v2\/media?parent=4732"}],"wp:term":[{"taxonomy":"category","embeddable":true,"href":"https:\/\/blog.iese.edu\/antonioargandona\/wp-json\/wp\/v2\/categories?post=4732"},{"taxonomy":"post_tag","embeddable":true,"href":"https:\/\/blog.iese.edu\/antonioargandona\/wp-json\/wp\/v2\/tags?post=4732"}],"curies":[{"name":"wp","href":"https:\/\/api.w.org\/{rel}","templated":true}]}}