{"id":4933,"date":"2013-09-30T12:00:45","date_gmt":"2013-09-30T11:00:45","guid":{"rendered":"https:\/\/blog.iese.edu\/antonioargandona\/?p=4933"},"modified":"2013-09-28T11:03:09","modified_gmt":"2013-09-28T10:03:09","slug":"precios-libres-mejor","status":"publish","type":"post","link":"https:\/\/blog.iese.edu\/antonioargandona\/2013\/09\/30\/precios-libres-mejor\/","title":{"rendered":"Precios libres, mejor"},"content":{"rendered":"<p>Revuelo (peque\u00f1o, es verdad) en la<strong> econom\u00eda espa\u00f1ola<\/strong>. El <strong>gobierno<\/strong> ha hecho un plan para desconectar los <strong>precios regulados<\/strong> de la evoluci\u00f3n del <strong>\u00cdndice de Precios de Consumo (IPC)<\/strong> -y hay muchos precios regulados: la electricidad, el abono a las l\u00edneas telef\u00f3nicas, la botella de butano, los autobuses urbanos, el metro&#8230;<\/p>\n<p>Aplaudo la idea -aunque ya s\u00e9 que lo que yo piense no va a interesar a casi nadie. La <strong>indiciaci\u00f3n<\/strong> o <strong>indexaci\u00f3n<\/strong> de los precios introduce una <strong>rigidez<\/strong> innecesaria. Cuando sube el IPC por cualquier causa ocasional, como un aumento del precio del petr\u00f3leo o una subida del impuesto sobre el valor a\u00f1adido, esos precios suben inmediatamente, de forma que el IPC vuelve a subir&#8230; La lucha contra la <strong>inflaci\u00f3n<\/strong> es mucho m\u00e1s dif\u00edcil, porque las subidas son autom\u00e1ticas, pero las bajadas no lo son.<\/p>\n<p>Algunos ganan, claro. Los proveedores de esos servicios y los trabajadores de las empresas que proveen esos servicios, cuyos ingresos est\u00e1n m\u00e1s seguros. La <strong>competencia<\/strong> se reduce -no hay incentivos a bajar los precios, porque los competidores los van a subir, de todas maneras. \u00bfGanar en <strong>eficiencia<\/strong>? Est\u00e1 bien, pero hace menos falta que cuando el mercado no est\u00e1 regulado. \u00bfLos <strong>consumidores<\/strong>? Si el precio est\u00e1 ligado del IPC, van a pagar m\u00e1s, en todo caso. El gobierno tendr\u00e1 que pagar menos por sus contratos -y me parece que esta es la raz\u00f3n \u00faltima de esta medida.<\/p>\n<p>Detr\u00e1s de la indiciaci\u00f3n puede haber una idea equivocada de la <strong>justicia<\/strong>: si el precio del pan sube el 2%, \u00bfpor qu\u00e9 el de las patatas no va a subir otro tanto? Pues&#8230; por mil razones: porque hay exceso de producci\u00f3n de patatas, porque la gente quiere comprar menos patatas&#8230; Mantener los <strong>precios relativos<\/strong>, de unos productos respecto de otros, no tiene sentido econ\u00f3mico. Ni, por supuesto, responde a un criterio de justicia, sino m\u00e1s bien a la curiosa manera de pensar de los pol\u00edticos o de los funcionarios, movidos, seguramente, por los <strong>lobies<\/strong> correspondientes.<\/p>\n<p>Bien venida sea la desconexi\u00f3n respecto del IPC. Pero no se alegren ustedes antes de hora: el gobierno tiene planes para conectar esos precios a otros indicadores, como los costes de fabricaci\u00f3n o de prestaci\u00f3n del servicio. En fin, a ver qu\u00e9 resulta del proyecto.<\/p>\n","protected":false},"excerpt":{"rendered":"<p>Revuelo (peque\u00f1o, es verdad) en la econom\u00eda espa\u00f1ola. El gobierno ha hecho un plan para desconectar los precios regulados de la evoluci\u00f3n del \u00cdndice de Precios de Consumo (IPC) -y hay muchos precios regulados: la electricidad, el abono a las l\u00edneas telef\u00f3nicas, la botella de butano, los autobuses urbanos, el metro&#8230; Aplaudo la idea -aunque [&hellip;]<\/p>\n","protected":false},"author":172,"featured_media":0,"comment_status":"open","ping_status":"open","sticky":false,"template":"","format":"standard","meta":{"footnotes":""},"categories":[11722],"tags":[74304,74306,6286,74305],"class_list":["post-4933","post","type-post","status-publish","format-standard","hentry","category-economia","tag-indice-de-precios-de-consumo","tag-indiciacion","tag-inflacion","tag-ipc"],"aioseo_notices":[],"_links":{"self":[{"href":"https:\/\/blog.iese.edu\/antonioargandona\/wp-json\/wp\/v2\/posts\/4933","targetHints":{"allow":["GET"]}}],"collection":[{"href":"https:\/\/blog.iese.edu\/antonioargandona\/wp-json\/wp\/v2\/posts"}],"about":[{"href":"https:\/\/blog.iese.edu\/antonioargandona\/wp-json\/wp\/v2\/types\/post"}],"author":[{"embeddable":true,"href":"https:\/\/blog.iese.edu\/antonioargandona\/wp-json\/wp\/v2\/users\/172"}],"replies":[{"embeddable":true,"href":"https:\/\/blog.iese.edu\/antonioargandona\/wp-json\/wp\/v2\/comments?post=4933"}],"version-history":[{"count":1,"href":"https:\/\/blog.iese.edu\/antonioargandona\/wp-json\/wp\/v2\/posts\/4933\/revisions"}],"predecessor-version":[{"id":4934,"href":"https:\/\/blog.iese.edu\/antonioargandona\/wp-json\/wp\/v2\/posts\/4933\/revisions\/4934"}],"wp:attachment":[{"href":"https:\/\/blog.iese.edu\/antonioargandona\/wp-json\/wp\/v2\/media?parent=4933"}],"wp:term":[{"taxonomy":"category","embeddable":true,"href":"https:\/\/blog.iese.edu\/antonioargandona\/wp-json\/wp\/v2\/categories?post=4933"},{"taxonomy":"post_tag","embeddable":true,"href":"https:\/\/blog.iese.edu\/antonioargandona\/wp-json\/wp\/v2\/tags?post=4933"}],"curies":[{"name":"wp","href":"https:\/\/api.w.org\/{rel}","templated":true}]}}