{"id":5320,"date":"2014-05-29T10:24:52","date_gmt":"2014-05-29T09:24:52","guid":{"rendered":"https:\/\/blog.iese.edu\/antonioargandona\/?p=5320"},"modified":"2014-05-29T10:24:52","modified_gmt":"2014-05-29T09:24:52","slug":"europa-tras-las-elecciones-al-parlamento-europeo","status":"publish","type":"post","link":"https:\/\/blog.iese.edu\/antonioargandona\/2014\/05\/29\/europa-tras-las-elecciones-al-parlamento-europeo\/","title":{"rendered":"Europa tras las elecciones al Parlamento europeo"},"content":{"rendered":"<p>Desde las recientes <strong>elecciones al Parlamento europeo,<\/strong> que mostraron una <strong>Europa m\u00e1s polarizada, m\u00e1s cr\u00edtica<\/strong> y, probablemente, menos manejable, algunos periodistas nos preguntan a los \u00abexpertos\u00bb (\u00bfexpertos en qu\u00e9?) qu\u00e9 pasar\u00e1 con las pol\u00edticas europeas. Resumo aqu\u00ed brevemente lo que me parece:<\/p>\n<p><strong>\u00bfPor qu\u00e9 el auge del euroescepticismo y\/o de la actitud cr\u00edtica<\/strong> de los europeos (son dos cosas distintas, ya lo s\u00e9)? Me parece que hay muchos factores. Cuando los ciudadanos se preguntan qu\u00e9 pueden esperar de Europa, las <strong>ventajas<\/strong> que han recibido en los \u00faltimos a\u00f1os pierden importancia ante los <strong>costes<\/strong> que se han manifestado en la crisis. La <strong>austeridad<\/strong> se ha visto como un retroceso en los derechos sociales de los ciudadanos y como la negaci\u00f3n de su \u00abderecho\u00bb a una vida pr\u00f3spera y sin problemas. El <strong>paro<\/strong> significa p\u00e9rdida de oportunidades;. En el otro lado del espectro, <strong>la demanda de ayuda<\/strong>\u00a0de lo pa\u00edses perif\u00e9ricos a los \u00abdel Norte\u00bb se ha interpretado como una exigencia injustificada. Eso es lo que los medios de comunicaci\u00f3n han \u00able\u00eddo\u00bb en la noticia de los resultados de las elecciones.<\/p>\n<p>Pero me parece que <strong>todo esto son s\u00edntomas, m\u00e1s que causas<\/strong>. En el fondo, me parece que los ciudadanos ven una Europa demasiado orientada a <strong>resultados econ\u00f3micos<\/strong>, lo que no est\u00e1 mal; pero <strong>no puede garantizarlos<\/strong> y, adem\u00e1s, esos resultados han estado <strong>mal repartidos<\/strong>, o al menos se han percibido como mal repartidos en la reciente crisis financiera. En el fondo, me parece que <strong>Europa ha perdido su dimensi\u00f3n humana, cultural y moral; no se ve como una comunidad de ciudadanos; no tiene un objetivo sociales compartidos&#8230;<\/strong> Y, claro, en esas condiciones los ciudadanos no se ven atra\u00eddos por ese modelo.<\/p>\n<p>\u00bfQu\u00e9 pasar\u00e1 en el corto plazo? Europa se enfrenta ahora con varios escenarios posibles. De un lado, un Parlamento europeo m\u00e1s dividido y m\u00e1s polarizado <strong>no facilitar\u00e1 la consecuci\u00f3n de acuerdos pol\u00edticos<\/strong>, como los necesarios para consolidar la Uni\u00f3n Bancaria e impulsar la futura Uni\u00f3n Fiscal. Esta \u00faltima, por ejemplo, puede parecer\u00a0ahora m\u00e1s remota, porque requiere acuerdos de redistribuci\u00f3n de rentas o, al menos, de riesgos, y estos\u00a0son menos probables en la actual coyuntura europea.<\/p>\n<p>Por otro lado, precisamente esa debilidad pol\u00edtica de Europa puede mover a los principales pa\u00edses a <strong>avanzar m\u00e1s r\u00e1pidamente en la soluci\u00f3n de los problemas<\/strong>: acelerar antes de que las cosas se pongan peor (pero, sinceramente, no conf\u00edo mucho en esta soluci\u00f3n, que exigir\u00eda un liderazgo que no veo&#8230;) Y no hay que olvidar que las decisiones principales se toman por <strong>acuerdo entre gobiernos nacionales,<\/strong> m\u00e1s que en el Parlamento europeo (lo cual quita relevancia al Parlamento, pero no ofrece mayores garant\u00edas de funcionamiento eficiente y r\u00e1pido).<\/p>\n<p>A medio y largo plazo tengo confianza en que l<strong>a sociedad civil europea ser\u00e1 capaz de aprender c\u00f3mo comportarse en la nueva situaci\u00f3n, y de buscar soluciones de m\u00e1s amplio calado.<\/strong> Y no digo esto por optimismo necio, sino porque, como ya he dicho otras veces, las sociedades aprenden, y <strong>necesitan tiempo<\/strong>, a veces muchos a\u00f1os, para aprender.<\/p>\n","protected":false},"excerpt":{"rendered":"<p>Desde las recientes elecciones al Parlamento europeo, que mostraron una Europa m\u00e1s polarizada, m\u00e1s cr\u00edtica y, probablemente, menos manejable, algunos periodistas nos preguntan a los \u00abexpertos\u00bb (\u00bfexpertos en qu\u00e9?) qu\u00e9 pasar\u00e1 con las pol\u00edticas europeas. Resumo aqu\u00ed brevemente lo que me parece: \u00bfPor qu\u00e9 el auge del euroescepticismo y\/o de la actitud cr\u00edtica de los [&hellip;]<\/p>\n","protected":false},"author":172,"featured_media":0,"comment_status":"open","ping_status":"open","sticky":false,"template":"","format":"standard","meta":{"footnotes":""},"categories":[11722],"tags":[10663,10673,70734],"class_list":["post-5320","post","type-post","status-publish","format-standard","hentry","category-economia","tag-elecciones","tag-europa","tag-parlamento-europeo"],"aioseo_notices":[],"_links":{"self":[{"href":"https:\/\/blog.iese.edu\/antonioargandona\/wp-json\/wp\/v2\/posts\/5320","targetHints":{"allow":["GET"]}}],"collection":[{"href":"https:\/\/blog.iese.edu\/antonioargandona\/wp-json\/wp\/v2\/posts"}],"about":[{"href":"https:\/\/blog.iese.edu\/antonioargandona\/wp-json\/wp\/v2\/types\/post"}],"author":[{"embeddable":true,"href":"https:\/\/blog.iese.edu\/antonioargandona\/wp-json\/wp\/v2\/users\/172"}],"replies":[{"embeddable":true,"href":"https:\/\/blog.iese.edu\/antonioargandona\/wp-json\/wp\/v2\/comments?post=5320"}],"version-history":[{"count":1,"href":"https:\/\/blog.iese.edu\/antonioargandona\/wp-json\/wp\/v2\/posts\/5320\/revisions"}],"predecessor-version":[{"id":5321,"href":"https:\/\/blog.iese.edu\/antonioargandona\/wp-json\/wp\/v2\/posts\/5320\/revisions\/5321"}],"wp:attachment":[{"href":"https:\/\/blog.iese.edu\/antonioargandona\/wp-json\/wp\/v2\/media?parent=5320"}],"wp:term":[{"taxonomy":"category","embeddable":true,"href":"https:\/\/blog.iese.edu\/antonioargandona\/wp-json\/wp\/v2\/categories?post=5320"},{"taxonomy":"post_tag","embeddable":true,"href":"https:\/\/blog.iese.edu\/antonioargandona\/wp-json\/wp\/v2\/tags?post=5320"}],"curies":[{"name":"wp","href":"https:\/\/api.w.org\/{rel}","templated":true}]}}