{"id":5351,"date":"2014-06-18T18:19:26","date_gmt":"2014-06-18T17:19:26","guid":{"rendered":"https:\/\/blog.iese.edu\/antonioargandona\/?p=5351"},"modified":"2020-06-03T14:23:19","modified_gmt":"2020-06-03T13:23:19","slug":"estamos-en-un-sistema-economico-que-no-es-bueno","status":"publish","type":"post","link":"https:\/\/blog.iese.edu\/antonioargandona\/2014\/06\/18\/estamos-en-un-sistema-economico-que-no-es-bueno\/","title":{"rendered":"\u00bfEstamos en un sistema econ\u00f3mico que no es bueno?"},"content":{"rendered":"<p>La frase que encabeza esta entrada no es m\u00eda: es del <strong>Papa Francisco<\/strong>, en la entrevista publicada en\u00a0<em>La Vanguardia<\/em> el pasao 13 de junio (<a href=\"http:\/\/www.lavanguardia.com\/internacional\/20140612\/54408951579\/entrevista-papa-francisco.html\" target=\"_blank\" rel=\"noopener noreferrer\">aqu\u00ed<\/a>).<\/p>\n<p style=\"padding-left: 30px\">\u00abCreo que estamos en <strong>un sistema mundial econ\u00f3mico que no es bueno<\/strong>. En el centro de todo sistema econ\u00f3mico <strong>debe estar el hombre,<\/strong> el hombre y la mujer, y todo lo dem\u00e1s debe estar al servicio de este hombre. Pero n<strong>osotros hemos puesto al dinero en el centro,<\/strong> al dios dinero. Hemos ca\u00eddo en un pecado de idolatr\u00eda, la idolatr\u00eda del dinero. <strong>La econom\u00eda se mueve por el af\u00e1n de tener m\u00e1s<\/strong> y, parad\u00f3jicamente, se alimenta una <strong>cultura del descarte<\/strong>. Se descarta a los j\u00f3venes cuando se limita la natalidad. Tambi\u00e9n se descarta a los ancianos porque ya no sirven, no producen, es clase pasiva. Al descartar a los chicos y a los ancianos, se descarta el futuro de un pueblo porque los chicos van a tirar con fuerza hacia adelante y porque los ancianos nos dan la sabidur\u00eda, tienen la memoria de ese pueblo y deben pasarla a los j\u00f3venes. Y ahora tambi\u00e9n est\u00e1 de moda descartar a los j\u00f3venes con la desocupaci\u00f3n. (&#8230;) descartamos toda una generaci\u00f3n por mantener <strong>un sistema econ\u00f3mico que ya no se aguanta\u00bb<\/strong>.<\/p>\n<p><span style=\"color: #000000\">Perm\u00edtame el lector mi interpretaci\u00f3n de esas frases. <strong>Un sistema econ\u00f3mico<\/strong> es un conjunto de cosas: un <strong>entorno<\/strong> (geogr\u00e1fico, social, hist\u00f3rico) dentro del cual act\u00faa el sistema; un conjunto de <strong>ideas y valores<\/strong> sobre la persona, la sociedad, la econom\u00eda, etc. (de muy diversos niveles y validez); unas <strong>instituciones<\/strong> que resumen de alg\u00fan modo la manera de entender la vida social; una <strong>divisi\u00f3n de funciones<\/strong> entre los agentes econ\u00f3micos; una gama de <strong>incentivos<\/strong>, y una <strong>teor\u00eda<\/strong> (o un conjunto de teor\u00edas) sobre el funcionamiento del sistema.<br \/>\n<\/span><\/p>\n<p>Lo que el Papa Francisco identifica como da\u00f1ino en el sistema econ\u00f3mico vigente me parece que tiene que ver con las ideas y los valores: la concepci\u00f3n del hombre y de la sociedad y, por tanto, de la empresa y del mercado. Lo que falla, seg\u00fan el Papa, es una manera de entender el hombre que lleva al descarte, a la p\u00e9rdida de dignidad, al maltrato&#8230; <strong>Es el sistema de ideas y valores el que especifica las instituciones y las reglas que orientan los incentivos de los agentes hacia una determinada divisi\u00f3n de funciones orientada a la consecuci\u00f3n del fin de la actividad econ\u00f3mica. <\/strong>Si fallan las ideas, lo dem\u00e1s se resiente. Por tanto, entiendo que el Papa no critica a la empresa, ni al mercado, ni al dinero, que es bueno, pero que se pervierte cuando se convierte en un \u00eddolo al que se adora, es decir, al dinero como fin de la vida, no como instrumento.<\/p>\n<p><a href=\"https:\/\/www.iese.edu\/es\/claustro-investigacion\/claustro\/antonio-argandona\/\">Antonio Argando\u00f1a<\/a>\u00a0es Profesor Em\u00e9rito de\u00a0<a href=\"https:\/\/www.iese.edu\/es\/claustro-investigacion\/departamentos-academicos\/economia\/\">Econom\u00eda<\/a>\u00a0del\u00a0<a href=\"https:\/\/www.iese.edu\/es\/\">IESE<\/a>.<\/p>\n","protected":false},"excerpt":{"rendered":"<p>La frase que encabeza esta entrada no es m\u00eda: es del Papa Francisco, en la entrevista publicada en\u00a0La Vanguardia el pasao 13 de junio (aqu\u00ed). \u00abCreo que estamos en un sistema mundial econ\u00f3mico que no es bueno. En el centro de todo sistema econ\u00f3mico debe estar el hombre, el hombre y la mujer, y todo [&hellip;]<\/p>\n","protected":false},"author":172,"featured_media":0,"comment_status":"open","ping_status":"open","sticky":false,"template":"","format":"standard","meta":{"footnotes":""},"categories":[12798,10775],"tags":[16381,18991,67714],"class_list":["post-5351","post","type-post","status-publish","format-standard","hentry","category-etica-y-responsabilidad-social","category-sociedad","tag-capitalismo","tag-ideologia","tag-sistema-economico"],"aioseo_notices":[],"_links":{"self":[{"href":"https:\/\/blog.iese.edu\/antonioargandona\/wp-json\/wp\/v2\/posts\/5351","targetHints":{"allow":["GET"]}}],"collection":[{"href":"https:\/\/blog.iese.edu\/antonioargandona\/wp-json\/wp\/v2\/posts"}],"about":[{"href":"https:\/\/blog.iese.edu\/antonioargandona\/wp-json\/wp\/v2\/types\/post"}],"author":[{"embeddable":true,"href":"https:\/\/blog.iese.edu\/antonioargandona\/wp-json\/wp\/v2\/users\/172"}],"replies":[{"embeddable":true,"href":"https:\/\/blog.iese.edu\/antonioargandona\/wp-json\/wp\/v2\/comments?post=5351"}],"version-history":[{"count":2,"href":"https:\/\/blog.iese.edu\/antonioargandona\/wp-json\/wp\/v2\/posts\/5351\/revisions"}],"predecessor-version":[{"id":7830,"href":"https:\/\/blog.iese.edu\/antonioargandona\/wp-json\/wp\/v2\/posts\/5351\/revisions\/7830"}],"wp:attachment":[{"href":"https:\/\/blog.iese.edu\/antonioargandona\/wp-json\/wp\/v2\/media?parent=5351"}],"wp:term":[{"taxonomy":"category","embeddable":true,"href":"https:\/\/blog.iese.edu\/antonioargandona\/wp-json\/wp\/v2\/categories?post=5351"},{"taxonomy":"post_tag","embeddable":true,"href":"https:\/\/blog.iese.edu\/antonioargandona\/wp-json\/wp\/v2\/tags?post=5351"}],"curies":[{"name":"wp","href":"https:\/\/api.w.org\/{rel}","templated":true}]}}