{"id":5502,"date":"2014-10-14T11:50:11","date_gmt":"2014-10-14T10:50:11","guid":{"rendered":"https:\/\/blog.iese.edu\/antonioargandona\/?p=5502"},"modified":"2014-10-11T11:21:28","modified_gmt":"2014-10-11T10:21:28","slug":"arte-liderazgo-rezar-los-demas","status":"publish","type":"post","link":"https:\/\/blog.iese.edu\/antonioargandona\/2014\/10\/14\/arte-liderazgo-rezar-los-demas\/","title":{"rendered":"Arte, liderazgo, oraci\u00f3n y los dem\u00e1s&#8230;"},"content":{"rendered":"<p>Muchos conceptos, \u00bfno? \u00bfQu\u00e9 relaci\u00f3n hay entre ellos? Voy a contar el lector una experiencia de hace unos d\u00edas. Para empezar, hablar\u00e9 del\u00a0arte. <strong>\u00bfQu\u00e9 nos dice el arte moderno?<\/strong> Leo una carta al editor del Financial Times, publicada el 11 de octubre con el t\u00edtulo \u00abEn el arte de nuestro tiempo, <strong>nos miramos a nosotros mismos<\/strong>\u00bb (<a href=\"http:\/\/www.ft.com\/intl\/cms\/s\/0\/6ee26f3e-4ee0-11e4-b205-00144feab7de.html?siteedition=intl#axzz3FkxgsSRB\" target=\"_blank\">aqu\u00ed<\/a>, en ingl\u00e9s, para suscriptores). \u00abEl <strong>arte religioso<\/strong> nos proporciona una imagen democr\u00e1tica de nuestra ansiedad sobre la mortalidad; el <strong>impresionismo<\/strong>, el arte m\u00e1s popular, nos reafirma en la celebraci\u00f3n de la naturaleza y del mundo en el que vivimos y del que dependemos; el <strong>modernismo<\/strong> es un nervioso poner en cuesti\u00f3n la sociedad. El arte contempor\u00e1neo del tipo que llena nuestros museos me parece que expresa una \u00faltima jugada,, un \u00faltimo &#8216;farol&#8217;, un lanzar el guante al fallo de algo, <strong>un vac\u00edo<\/strong>: \u00bfun deseo de muerte?\u00bb. No es muy optimista, \u00bfverdad?<\/p>\n<p><strong>Liderazgo<\/strong>. Hace unos d\u00edas una colega del IESE, la profesora <em>Nuria Chinchilla<\/em>, me coment\u00f3 que iba a recomendar\u00a0a sus alumnos del curso de liderazgo del Executive MBA \u00a0que visitasen, si no lo hab\u00edan hecho ya, la exposici\u00f3n que se mont\u00f3 hace unos d\u00edas en un amplio hall sobre el que fue <strong>Gran Canciller de la Universidad de Navarra, \u00c1lvaro del Portillo<\/strong>, recientemente beatificado. Estuve de acuerdo con ella: fue un aut\u00e9ntico l\u00edder: <strong>humilde, pac\u00edfico, eficaz,&#8230;<\/strong> \u00bfCu\u00e1l fue su secreto?<\/p>\n<p>El s\u00e1bado d\u00eda 11 fui al IESE y pas\u00e9 al lado de la mencionada exposici\u00f3n, que ya hab\u00eda visitado. Me acord\u00e9 de la recomendaci\u00f3n de la profesora Chinchilla, y\u00a0no le di m\u00e1s vueltas. Pero, al pasar, vi en un video la imagen de <strong>la Madre Teresa de Calcuta rezando<\/strong>. No me par\u00e9, pero me dije a m\u00ed mismo: \u00a1claro! <strong>La oraci\u00f3n es la clave del liderazgo de esa santa mujer, y del nuevo beato<\/strong>. Rezar es hablar con Dios. \u00bfDe qu\u00e9? De nosotros pero, sobre todo, de los dem\u00e1s. Hablar con Dios es e<strong>ncontrarme con los dem\u00e1s,<\/strong> todos esos a los que Dios am\u00f3, ama y amar\u00e1. <strong>El l\u00edder es alguien que piensa en los dem\u00e1s<\/strong>, que habla con Dios de los dem\u00e1s, de sus necesidades, de sus ilusiones, de sus problemas&#8230;. <strong>Su liderazgo es servicio a los dem\u00e1s<\/strong>.<\/p>\n<p>Y entonces abr\u00ed el\u00a0<em>Financial Times<\/em> y me encontr\u00e9 con la carta sobre el arte. <strong>El arte moderno es una reflejo de nuestra sociedad, individualista, ego\u00edsta, cerrada en s\u00ed misma&#8230; pesimista, sin ilusi\u00f3n, sin futuro&#8230;<\/strong> Ah\u00ed no hay, no puede haber, l\u00edderes. O mejor, <strong>los l\u00edderes son los que saben salirse de ese ambiente para pensar en los dem\u00e1s.<\/strong><\/p>\n","protected":false},"excerpt":{"rendered":"<p>Muchos conceptos, \u00bfno? \u00bfQu\u00e9 relaci\u00f3n hay entre ellos? Voy a contar el lector una experiencia de hace unos d\u00edas. Para empezar, hablar\u00e9 del\u00a0arte. \u00bfQu\u00e9 nos dice el arte moderno? Leo una carta al editor del Financial Times, publicada el 11 de octubre con el t\u00edtulo \u00abEn el arte de nuestro tiempo, nos miramos a nosotros [&hellip;]<\/p>\n","protected":false},"author":172,"featured_media":0,"comment_status":"open","ping_status":"open","sticky":false,"template":"","format":"standard","meta":{"footnotes":""},"categories":[12798,10775],"tags":[82933,185,82934],"class_list":["post-5502","post","type-post","status-publish","format-standard","hentry","category-etica-y-responsabilidad-social","category-sociedad","tag-arte-moderno","tag-liderazgo","tag-oracion"],"aioseo_notices":[],"_links":{"self":[{"href":"https:\/\/blog.iese.edu\/antonioargandona\/wp-json\/wp\/v2\/posts\/5502","targetHints":{"allow":["GET"]}}],"collection":[{"href":"https:\/\/blog.iese.edu\/antonioargandona\/wp-json\/wp\/v2\/posts"}],"about":[{"href":"https:\/\/blog.iese.edu\/antonioargandona\/wp-json\/wp\/v2\/types\/post"}],"author":[{"embeddable":true,"href":"https:\/\/blog.iese.edu\/antonioargandona\/wp-json\/wp\/v2\/users\/172"}],"replies":[{"embeddable":true,"href":"https:\/\/blog.iese.edu\/antonioargandona\/wp-json\/wp\/v2\/comments?post=5502"}],"version-history":[{"count":3,"href":"https:\/\/blog.iese.edu\/antonioargandona\/wp-json\/wp\/v2\/posts\/5502\/revisions"}],"predecessor-version":[{"id":5505,"href":"https:\/\/blog.iese.edu\/antonioargandona\/wp-json\/wp\/v2\/posts\/5502\/revisions\/5505"}],"wp:attachment":[{"href":"https:\/\/blog.iese.edu\/antonioargandona\/wp-json\/wp\/v2\/media?parent=5502"}],"wp:term":[{"taxonomy":"category","embeddable":true,"href":"https:\/\/blog.iese.edu\/antonioargandona\/wp-json\/wp\/v2\/categories?post=5502"},{"taxonomy":"post_tag","embeddable":true,"href":"https:\/\/blog.iese.edu\/antonioargandona\/wp-json\/wp\/v2\/tags?post=5502"}],"curies":[{"name":"wp","href":"https:\/\/api.w.org\/{rel}","templated":true}]}}