{"id":5570,"date":"2014-11-22T11:08:30","date_gmt":"2014-11-22T10:08:30","guid":{"rendered":"https:\/\/blog.iese.edu\/antonioargandona\/?p=5570"},"modified":"2014-11-19T14:10:10","modified_gmt":"2014-11-19T13:10:10","slug":"mi-generacion-no-conoce-ninguna-utopia","status":"publish","type":"post","link":"https:\/\/blog.iese.edu\/antonioargandona\/2014\/11\/22\/mi-generacion-no-conoce-ninguna-utopia\/","title":{"rendered":"Mi generaci\u00f3n no conoce ninguna utop\u00eda"},"content":{"rendered":"<p>Al cabo de un par de a\u00f1os, cae en mis manos el n\u00famero de septiembre-octubre de 2012 de la revista\u00a0<em>Profesiones<\/em>, editada por <strong>Uni\u00f3n Profesional<\/strong>. Lo que m\u00e1s me golpea de esa interesante revista es <strong>una breve rese\u00f1a, escrita por Elisa G. MacCausland, de un libro de Meredith Haaf, titulado \u00abDejad de lloriquear\u00bb<\/strong>. Me permito copiar casi literalmente esa rese\u00f1a.<\/p>\n<p style=\"padding-left: 30px\"><strong>\u00abMi generaci\u00f3n no conoce ninguna utop\u00eda, ni aspira realmente a tener una\u00bb.<\/strong> Esta historiadora y fil\u00f3sofa de carrera, de origen alem\u00e1n, gusta del \u00abnosotros\u00bb para se\u00f1alar c\u00f3mo los nacidos en los ochenta <strong>consideran m\u00e1s importante la individualidad que la solidaridad.<\/strong> \u00abEl deseo de refugiarnos en la vida privada es mucho m\u00e1s urgente que el sentido de comunidad\u00bb. Una generaci\u00f3n peque\u00f1o burguesa a la que un cambio estructural le parece impracticable. La competencia es lo natural. <strong>Son los tiempos postmodernos y &#8216;postoptimistas&#8217;. A lo \u00fanico que se puede aspirar es a que la cosa no vaya a peor.<\/strong> Los pragm\u00e1ticos, como apunta la autora, parecen conformarse con el &#8216;precariado&#8217; como \u00fanica \u00bfsalida?<\/p>\n<p style=\"padding-left: 30px\">Se\u00f1ala Haaf que esta generaci\u00f3n vive atrapada en una ilusi\u00f3n de poder donde el mercado, la comunicaci\u00f3n y la optimizaci\u00f3n de uno mismo rigen el d\u00eda a d\u00eda de <strong>unos profesionales producto de la especializaci\u00f3n -lo que los convierte, seg\u00fan ella, en profesionales sectarios, sin apenas espacio para imaginar-.<\/strong> <strong>\u00abEl miedo es el motor principal de mi generaci\u00f3n y el escepticismo su actitud fundamental\u00bb.<\/strong> El idealismo, en este contexto, suena ingenuo; sabe a poco. \u00bfQu\u00e9 hacer?<strong> \u00abSimplemente tenemos que madurar\u00bb,<\/strong> dice Haaf.<\/p>\n<p>No quiero a\u00f1adir nada m\u00e1s; que el lector saque sus conclusiones.<\/p>\n","protected":false},"excerpt":{"rendered":"<p>Al cabo de un par de a\u00f1os, cae en mis manos el n\u00famero de septiembre-octubre de 2012 de la revista\u00a0Profesiones, editada por Uni\u00f3n Profesional. Lo que m\u00e1s me golpea de esa interesante revista es una breve rese\u00f1a, escrita por Elisa G. MacCausland, de un libro de Meredith Haaf, titulado \u00abDejad de lloriquear\u00bb. Me permito copiar [&hellip;]<\/p>\n","protected":false},"author":172,"featured_media":0,"comment_status":"open","ping_status":"open","sticky":false,"template":"","format":"standard","meta":{"footnotes":""},"categories":[10775],"tags":[84674,84675,23533],"class_list":["post-5570","post","type-post","status-publish","format-standard","hentry","category-sociedad","tag-individualidad","tag-postmodernismo","tag-utopia"],"aioseo_notices":[],"_links":{"self":[{"href":"https:\/\/blog.iese.edu\/antonioargandona\/wp-json\/wp\/v2\/posts\/5570","targetHints":{"allow":["GET"]}}],"collection":[{"href":"https:\/\/blog.iese.edu\/antonioargandona\/wp-json\/wp\/v2\/posts"}],"about":[{"href":"https:\/\/blog.iese.edu\/antonioargandona\/wp-json\/wp\/v2\/types\/post"}],"author":[{"embeddable":true,"href":"https:\/\/blog.iese.edu\/antonioargandona\/wp-json\/wp\/v2\/users\/172"}],"replies":[{"embeddable":true,"href":"https:\/\/blog.iese.edu\/antonioargandona\/wp-json\/wp\/v2\/comments?post=5570"}],"version-history":[{"count":1,"href":"https:\/\/blog.iese.edu\/antonioargandona\/wp-json\/wp\/v2\/posts\/5570\/revisions"}],"predecessor-version":[{"id":5571,"href":"https:\/\/blog.iese.edu\/antonioargandona\/wp-json\/wp\/v2\/posts\/5570\/revisions\/5571"}],"wp:attachment":[{"href":"https:\/\/blog.iese.edu\/antonioargandona\/wp-json\/wp\/v2\/media?parent=5570"}],"wp:term":[{"taxonomy":"category","embeddable":true,"href":"https:\/\/blog.iese.edu\/antonioargandona\/wp-json\/wp\/v2\/categories?post=5570"},{"taxonomy":"post_tag","embeddable":true,"href":"https:\/\/blog.iese.edu\/antonioargandona\/wp-json\/wp\/v2\/tags?post=5570"}],"curies":[{"name":"wp","href":"https:\/\/api.w.org\/{rel}","templated":true}]}}