{"id":5837,"date":"2015-06-15T11:33:13","date_gmt":"2015-06-15T10:33:13","guid":{"rendered":"https:\/\/blog.iese.edu\/antonioargandona\/?p=5837"},"modified":"2015-06-10T14:33:41","modified_gmt":"2015-06-10T13:33:41","slug":"recomendaciones-para-la-economia-espanola","status":"publish","type":"post","link":"https:\/\/blog.iese.edu\/antonioargandona\/2015\/06\/15\/recomendaciones-para-la-economia-espanola\/","title":{"rendered":"Recomendaciones para la econom\u00eda espa\u00f1ola"},"content":{"rendered":"<p>El pasado 10 de julio\u00a0<em>Expansi\u00f3n\u00a0<\/em>public\u00f3 un art\u00edculo basado en <strong>declaraciones del decano del IESE, Jordi Canals<\/strong>. A nadie sorprender\u00e1 que est\u00e9 de acuerdo con \u00e9l en sus diagn\u00f3sticos y propuestas. He aqu\u00ed algunas cosas que me gustar\u00eda subrayar:<\/p>\n<ul>\n<li><strong>Las empresas se han ajustado a la crisis por la v\u00eda de reducir plantillas, un procedimiento ineficiente, injusto y caro<\/strong>. No fue culpa (solo) de las empresas, porque <strong>\u00abhemos tenido una legislaci\u00f3n y unos agentes sociales que no han sido capaces de articular medidas creativas\u00bb<\/strong>. La reforma laboral fue una buena idea, pero lleg\u00f3 cuando el mal ya estaba hecho. Moraleja: \u00ablas empresas tienen que seguir invirtiendo en gente, en personas capaces de innovar. Y ah\u00ed es donde aparece <strong>la importancia de la formaci\u00f3n<\/strong>\u00ab.<\/li>\n<li><strong>El Gobierno no ha sido capaz de transmitir \u00abun proyecto pol\u00edtico a largo plazo,<\/strong> y sin un proyecto es muy dif\u00edcil convencer a los ciudadanos de que tienen que tomar la amarga medicina de la austeridad\u00bb. No tuvimos proyecto a largo plazo con el gobierno socialista, ni con el del PP, ni ahora lo tienen los partidos que tratan de llegar a acuerdos para gobernar. \u00bfSe imagina el lector una empresa que no sepa a d\u00f3nde debe ir en los pr\u00f3ximos a\u00f1os?<\/li>\n<li><strong>La estrategia que ahora conviene es la de \u00abla formaci\u00f3n, la innovaci\u00f3n y mejoras en la eficiencia de los recursos, una receta que pasa por la modernizaci\u00f3n del sector p\u00fablico\u00bb.<\/strong> Excelente recomendaci\u00f3n, que pueden entender todos los pol\u00edticos y los ciudadanos: que el sector privado haga su tarea<strong>, vamos a concentrar nuestros esfuerzos en una administraci\u00f3n eficiente, din\u00e1mica y menos cara,<\/strong> porque \u00abnecesitar\u00edamos pagar menos impuestos y as\u00ed se reducir\u00eda el gasto\u00bb. Un proyecto, pues, que pudiesen compartir muchos partidos, como propone Jordi Canals.<\/li>\n<li>\u00abEn Espa\u00f1a los deberes macro se han hecho (&#8230;) [pero] <strong>el impulso de las reformas del Gobierno se est\u00e1 agotando y hay que pensar c\u00f3mo enfocamos los pr\u00f3ximos diez a\u00f1os para que la econom\u00eda siga creciendo<\/strong>\u00ab. No puedo estar m\u00e1s de acuerdo. Cuando tengo que explicar esto hago notar que el crecimiento, a corto plazo, se est\u00e1 beneficiando de unos cuantos vientos de cola: abundancia de liquidez, tipos de inter\u00e9s bajos, euro depreciado, petr\u00f3leo barato&#8230; Pero no podemos vivir de esto: <strong>el crecimiento futuro depende de los factores del lado de la oferta:<\/strong> tencolog\u00eda, educaci\u00f3n, formaci\u00f3n profesional, instituciones s\u00f3lidas, incentivos positivos&#8230;<\/li>\n<li>Y ah\u00ed aparece el papel de<strong> la empresa, que \u00abno puede olvidarse de su impacto, y tiene que ser un referente<\/strong> en t\u00e9rminos de transparencia, de limpieza en sus relaciones con el sector p\u00fablico y de explicar con claridad las pol\u00edticas que se persiguen\u00bb. \u00abLa estrategia estar\u00e1 muy conectada con la capacidad de crear valor\u00bb.<\/li>\n<\/ul>\n","protected":false},"excerpt":{"rendered":"<p>El pasado 10 de julio\u00a0Expansi\u00f3n\u00a0public\u00f3 un art\u00edculo basado en declaraciones del decano del IESE, Jordi Canals. A nadie sorprender\u00e1 que est\u00e9 de acuerdo con \u00e9l en sus diagn\u00f3sticos y propuestas. He aqu\u00ed algunas cosas que me gustar\u00eda subrayar: Las empresas se han ajustado a la crisis por la v\u00eda de reducir plantillas, un procedimiento ineficiente, [&hellip;]<\/p>\n","protected":false},"author":172,"featured_media":0,"comment_status":"open","ping_status":"open","sticky":false,"template":"","format":"standard","meta":{"footnotes":""},"categories":[12798],"tags":[],"class_list":["post-5837","post","type-post","status-publish","format-standard","hentry","category-etica-y-responsabilidad-social"],"aioseo_notices":[],"_links":{"self":[{"href":"https:\/\/blog.iese.edu\/antonioargandona\/wp-json\/wp\/v2\/posts\/5837","targetHints":{"allow":["GET"]}}],"collection":[{"href":"https:\/\/blog.iese.edu\/antonioargandona\/wp-json\/wp\/v2\/posts"}],"about":[{"href":"https:\/\/blog.iese.edu\/antonioargandona\/wp-json\/wp\/v2\/types\/post"}],"author":[{"embeddable":true,"href":"https:\/\/blog.iese.edu\/antonioargandona\/wp-json\/wp\/v2\/users\/172"}],"replies":[{"embeddable":true,"href":"https:\/\/blog.iese.edu\/antonioargandona\/wp-json\/wp\/v2\/comments?post=5837"}],"version-history":[{"count":1,"href":"https:\/\/blog.iese.edu\/antonioargandona\/wp-json\/wp\/v2\/posts\/5837\/revisions"}],"predecessor-version":[{"id":5838,"href":"https:\/\/blog.iese.edu\/antonioargandona\/wp-json\/wp\/v2\/posts\/5837\/revisions\/5838"}],"wp:attachment":[{"href":"https:\/\/blog.iese.edu\/antonioargandona\/wp-json\/wp\/v2\/media?parent=5837"}],"wp:term":[{"taxonomy":"category","embeddable":true,"href":"https:\/\/blog.iese.edu\/antonioargandona\/wp-json\/wp\/v2\/categories?post=5837"},{"taxonomy":"post_tag","embeddable":true,"href":"https:\/\/blog.iese.edu\/antonioargandona\/wp-json\/wp\/v2\/tags?post=5837"}],"curies":[{"name":"wp","href":"https:\/\/api.w.org\/{rel}","templated":true}]}}