{"id":6569,"date":"2016-12-04T11:14:19","date_gmt":"2016-12-04T10:14:19","guid":{"rendered":"https:\/\/blog.iese.edu\/antonioargandona\/?p=6569"},"modified":"2016-11-19T19:14:36","modified_gmt":"2016-11-19T18:14:36","slug":"populismos-iii","status":"publish","type":"post","link":"https:\/\/blog.iese.edu\/antonioargandona\/2016\/12\/04\/populismos-iii\/","title":{"rendered":"Populismos (III)"},"content":{"rendered":"<p>En dos entradas anteriores me he referido a <strong>las causas del auge populista actual y a sus contenidos principales<\/strong>. Era solo un resumen de lo que dicen los expertos sobre el populismo. No todo es relevante en cada ocasi\u00f3n, ni presenta siempre los mismos caracteres, pero est\u00e1 ah\u00ed latente y, <strong>en la medida en que se trata de una degeneraci\u00f3n del modelo democr\u00e1tico liberal, es poco probable que desaparezca en breve,<\/strong> aunque puede perder importancia si los problemas econ\u00f3micos se van resolviendo. En todo caso, acabar\u00e9 con algunas sugerencias, sin demasiado convencimiento:<\/p>\n<ul>\n<li><strong>No debemos ignorar al populismo, porque es muy contagioso<\/strong>: condiciona la forma de hacer pol\u00edtica y empuja a los dem\u00e1s pol\u00edticos a sumarse a sus m\u00e9todos y propuestas.<\/li>\n<li><strong>Seamos prudentes en nuestras descalificaciones.<\/strong> Cuando Donald Trump, a quien muchos presentan como paradigma de pol\u00edtico populista, gan\u00f3 las elecciones presidenciales en Estados Unidos, un peri\u00f3dico muy representativo del <em>establishment<\/em> dem\u00f3crata pon\u00eda en un pie de foto que Trump hab\u00eda lanzado a los trabajadores blancos poco cualificados, resentidos por la p\u00e9rdida de sus privilegios, contra los j\u00f3venes din\u00e1micos e inteligentes, la esperanza del futuro. Si alguien se siente maltratado, empecemos pensando <strong>qu\u00e9 parte de raz\u00f3n puede tener, y c\u00f3mo actuar\u00edamos nosotros en sus circunstancias.<\/strong><\/li>\n<li><strong>Revisemos nuestras pol\u00edticas macroecon\u00f3micas, fiscales, industriales y comerciales<\/strong>, y esto vale para las naciones y para las empresas. No se trata de subir los salarios o ser m\u00e1s generosos con el seguro de desempleo, sino de ver c\u00f3mo podemos plantear nuestras estrategias para no hacer da\u00f1o innecesariamente.<\/li>\n<\/ul>\n<p>Es verdad que nadie tiene derecho a esperar que su nivel de vida crecer\u00e1 continuamente y, por tanto, no deber\u00eda irritarse si su renta real se ha estancado desde hace a\u00f1os. Pero <strong>\u201calguien\u201d le debi\u00f3 trnasmitir esa expectativa;<\/strong> quiz\u00e1s un empresario que trataba de multiplicar sus ventas cada a\u00f1o. O un gur\u00fa que buscaba \u00e9xito medi\u00e1tico. O un economista que afirmaba que el crecimiento del PIB deb\u00eda ser el objetivo de las pol\u00edticas que recomendaba, sin pararse a pensar en los efectos negativos de esta medida. Porque la globalizaci\u00f3n, el progreso tecnol\u00f3gico o la rebaja de impuestos elevan el nivel de vida del conjunto, pero <strong>perjudican a algunos de manera directa y a corto plazo,<\/strong> por ejemplo cuando la necesaria flexibilidad laboral, que permitir\u00eda la recolocaci\u00f3n r\u00e1pida de los parados, no existe. Porque vivimos en un sistema econ\u00f3mico bueno, pero no perfecto.<\/p>\n","protected":false},"excerpt":{"rendered":"<p>En dos entradas anteriores me he referido a las causas del auge populista actual y a sus contenidos principales. Era solo un resumen de lo que dicen los expertos sobre el populismo. No todo es relevante en cada ocasi\u00f3n, ni presenta siempre los mismos caracteres, pero est\u00e1 ah\u00ed latente y, en la medida en que [&hellip;]<\/p>\n","protected":false},"author":172,"featured_media":0,"comment_status":"open","ping_status":"open","sticky":false,"template":"","format":"standard","meta":{"footnotes":""},"categories":[11722,10775],"tags":[18991,12807,84691],"class_list":["post-6569","post","type-post","status-publish","format-standard","hentry","category-economia","category-sociedad","tag-ideologia","tag-politicas-economicas","tag-populismo"],"aioseo_notices":[],"_links":{"self":[{"href":"https:\/\/blog.iese.edu\/antonioargandona\/wp-json\/wp\/v2\/posts\/6569","targetHints":{"allow":["GET"]}}],"collection":[{"href":"https:\/\/blog.iese.edu\/antonioargandona\/wp-json\/wp\/v2\/posts"}],"about":[{"href":"https:\/\/blog.iese.edu\/antonioargandona\/wp-json\/wp\/v2\/types\/post"}],"author":[{"embeddable":true,"href":"https:\/\/blog.iese.edu\/antonioargandona\/wp-json\/wp\/v2\/users\/172"}],"replies":[{"embeddable":true,"href":"https:\/\/blog.iese.edu\/antonioargandona\/wp-json\/wp\/v2\/comments?post=6569"}],"version-history":[{"count":1,"href":"https:\/\/blog.iese.edu\/antonioargandona\/wp-json\/wp\/v2\/posts\/6569\/revisions"}],"predecessor-version":[{"id":6570,"href":"https:\/\/blog.iese.edu\/antonioargandona\/wp-json\/wp\/v2\/posts\/6569\/revisions\/6570"}],"wp:attachment":[{"href":"https:\/\/blog.iese.edu\/antonioargandona\/wp-json\/wp\/v2\/media?parent=6569"}],"wp:term":[{"taxonomy":"category","embeddable":true,"href":"https:\/\/blog.iese.edu\/antonioargandona\/wp-json\/wp\/v2\/categories?post=6569"},{"taxonomy":"post_tag","embeddable":true,"href":"https:\/\/blog.iese.edu\/antonioargandona\/wp-json\/wp\/v2\/tags?post=6569"}],"curies":[{"name":"wp","href":"https:\/\/api.w.org\/{rel}","templated":true}]}}