{"id":6576,"date":"2016-12-10T11:17:02","date_gmt":"2016-12-10T10:17:02","guid":{"rendered":"https:\/\/blog.iese.edu\/antonioargandona\/?p=6576"},"modified":"2020-06-15T08:11:11","modified_gmt":"2020-06-15T07:11:11","slug":"otra-vez-el-emotivismo","status":"publish","type":"post","link":"https:\/\/blog.iese.edu\/antonioargandona\/2016\/12\/10\/otra-vez-el-emotivismo\/","title":{"rendered":"Otra vez el emotivismo"},"content":{"rendered":"<p>Le\u00ed hace unos d\u00edas una entrada en un blog conservador norteamericano que me llam\u00f3 la atenci\u00f3n. Explicaba la reacci\u00f3n de muchos j\u00f3venes en pa\u00edses ricos que estaban desolados por la elecci\u00f3n de Donald Trump como Presidente de los Estados Unidos. Bueno, esto le ha pasado a mucha gente, pero lo que me llam\u00f3 la atenci\u00f3n en esos j\u00f3venes es que <strong>no se cre\u00edan lo que hab\u00eda ocurrido,<\/strong> se reun\u00edan en grupos sentados en el suelo para llorar, alg\u00fan profesor hab\u00eda cancelado un examen porque sus alumnos no estaban en condiciones de acudir a la prueba, en Suecia hab\u00eda abierto lineas de tel\u00e9fono de ayuda para chicas que se sent\u00edan maltratadas por el resultado de la elecci\u00f3n, porque, claro, Trump trata tan mal a las mujeres&#8230;<\/p>\n<p>La entrada en el blog era, me pareci\u00f3, dura: <strong>\u00abuna generaci\u00f3n entera es incapaz de aceptar que algo o alguien no haya actuado del modo en que ellos act\u00faan\u00bb<\/strong>. \u00abNos hemos convertido en <strong>un mundo en que los sentimientos cuentan mucho m\u00e1s que todo lo dem\u00e1s.<\/strong> Mis sentimientos han sido heridos y, en vez de tirar de m\u00ed mismo y superarme (&#8230;) necesito que todos en el mundo acepten y justifiquen mi existencia y me hagan sentir mejor\u00bb. \u00abEl problema con este enfoque sentimiental es que la l\u00f3gica sale por la ventana, y<strong> es frustrante ver la hipocres\u00eda que esto lleva consigo<\/strong>\u00ab. \u00abHemos creado una generaci\u00f3n que act\u00faa como si se le debiera algo por el solo hecho de existir\u00bb. \u00abParecen creer que sus opiniones son las \u00fanicas que cuentan y, <strong>cuando alguien les lleva la contraria de cualquier modo, gritan que estan jugando sucio con ellos<\/strong>\u00ab.<\/p>\n<p>He mencionado otras veces mi preocupaci\u00f3n por este <strong>emotivismo<\/strong>, que veo no solo en muchos j\u00f3venes, sino en bastantes adultos. \u00bfPor qu\u00e9 se ha producido? La autora de la entrada que comento lo atribuye a los <strong>social media<\/strong> y a <strong>la generaci\u00f3n de los a\u00f1os 70 a 90<\/strong>, que, al llegar a mayores, decidieron que no quer\u00edan que sus hijos creciesen como ellos, y<strong> les protegieron de todo lo que pod\u00eda ser dolor, p\u00e9rdida o dificultad<\/strong>. \u00bfError en la educaci\u00f3n? Puede que s\u00ed. Tambi\u00e9n me parece que puede haber aqu\u00ed <strong>una enorme inseguridad<\/strong>. Les hemos dicho que la verdad no existe, que el ser humano es el due\u00f1o de su destino, que la violencia se erradica con mano dura&#8230; y cuando se enfrentan con la realidad de que ah\u00ed hay muchas mentiras, de que el dolor es inevitable, de que los que as\u00ed se han formado <strong>han perdido su capacidad de sobreponerse a las dificultades,<\/strong> se niegan a creerlo y no quieren ni siquiera oir hablar de ello, <strong>porque no tienen armas para defenderse: no saben qu\u00e9 hacer<\/strong>, y necesitan que les aseguren que eso no existe. Quiz\u00e1s por eso la autora de la entrada que comento, una canadiense madre de cuatro hijos, dice que, cuanto se les lleva la contraria, \u00abse lamentan de que han sido v\u00edctimas de rampante homofobia, racismo, sexismo, ageismo [no lo hab\u00eda o\u00eddo nunca, a pesar de que yo debo ser el que lo practica] y de cualquier otro ismo que se les ocurre para acusar a otros\u00bb.<\/p>\n<p>O sea: me parece que no estamos hablando de una histeria de adolescentes, sino de una manera de ver el mundo que deja inermes a los que se encuentran en esa situaci\u00f3n.<\/p>\n<p><a href=\"https:\/\/www.iese.edu\/es\/claustro-investigacion\/claustro\/antonio-argandona\/\">Antonio Argando\u00f1a<\/a>\u00a0es Profesor Em\u00e9rito de\u00a0<a href=\"https:\/\/www.iese.edu\/es\/claustro-investigacion\/departamentos-academicos\/economia\/\">Econom\u00eda<\/a>\u00a0del\u00a0<a href=\"https:\/\/www.iese.edu\/es\/\">IESE<\/a>.<\/p>\n<p>&nbsp;<\/p>\n","protected":false},"excerpt":{"rendered":"<p>Le\u00ed hace unos d\u00edas una entrada en un blog conservador norteamericano que me llam\u00f3 la atenci\u00f3n. Explicaba la reacci\u00f3n de muchos j\u00f3venes en pa\u00edses ricos que estaban desolados por la elecci\u00f3n de Donald Trump como Presidente de los Estados Unidos. Bueno, esto le ha pasado a mucha gente, pero lo que me llam\u00f3 la atenci\u00f3n [&hellip;]<\/p>\n","protected":false},"author":172,"featured_media":0,"comment_status":"open","ping_status":"open","sticky":false,"template":"","format":"standard","meta":{"footnotes":""},"categories":[10775],"tags":[84729,40925,96033],"class_list":["post-6576","post","type-post","status-publish","format-standard","hentry","category-sociedad","tag-emotivismo","tag-jovenes","tag-sentimientos"],"aioseo_notices":[],"_links":{"self":[{"href":"https:\/\/blog.iese.edu\/antonioargandona\/wp-json\/wp\/v2\/posts\/6576","targetHints":{"allow":["GET"]}}],"collection":[{"href":"https:\/\/blog.iese.edu\/antonioargandona\/wp-json\/wp\/v2\/posts"}],"about":[{"href":"https:\/\/blog.iese.edu\/antonioargandona\/wp-json\/wp\/v2\/types\/post"}],"author":[{"embeddable":true,"href":"https:\/\/blog.iese.edu\/antonioargandona\/wp-json\/wp\/v2\/users\/172"}],"replies":[{"embeddable":true,"href":"https:\/\/blog.iese.edu\/antonioargandona\/wp-json\/wp\/v2\/comments?post=6576"}],"version-history":[{"count":2,"href":"https:\/\/blog.iese.edu\/antonioargandona\/wp-json\/wp\/v2\/posts\/6576\/revisions"}],"predecessor-version":[{"id":7878,"href":"https:\/\/blog.iese.edu\/antonioargandona\/wp-json\/wp\/v2\/posts\/6576\/revisions\/7878"}],"wp:attachment":[{"href":"https:\/\/blog.iese.edu\/antonioargandona\/wp-json\/wp\/v2\/media?parent=6576"}],"wp:term":[{"taxonomy":"category","embeddable":true,"href":"https:\/\/blog.iese.edu\/antonioargandona\/wp-json\/wp\/v2\/categories?post=6576"},{"taxonomy":"post_tag","embeddable":true,"href":"https:\/\/blog.iese.edu\/antonioargandona\/wp-json\/wp\/v2\/tags?post=6576"}],"curies":[{"name":"wp","href":"https:\/\/api.w.org\/{rel}","templated":true}]}}