{"id":6603,"date":"2017-01-09T12:34:10","date_gmt":"2017-01-09T11:34:10","guid":{"rendered":"https:\/\/blog.iese.edu\/antonioargandona\/?p=6603"},"modified":"2017-01-06T12:34:21","modified_gmt":"2017-01-06T11:34:21","slug":"es-dificil-entender-a-los-que-no-piensan-como-yo","status":"publish","type":"post","link":"https:\/\/blog.iese.edu\/antonioargandona\/2017\/01\/09\/es-dificil-entender-a-los-que-no-piensan-como-yo\/","title":{"rendered":"Es dif\u00edcil entender a los que no piensan como yo&#8230;"},"content":{"rendered":"<p>Entiendo que esta entrada sonar\u00e1 mal a los o\u00eddos de los que piensan que los que no piensan como ellos est\u00e1n equivocados y, probablemente, act\u00faan con malas intenciones. Pero me llam\u00f3 la atenci\u00f3n una entrada de <strong>Spiked Review<\/strong> (a<a href=\"http:\/\/www.spiked-online.com\/newsite\/article\/strangers-in-the-us\/19041#.WG93JFMrLIU\">q<\/a>u\u00ed, en ingl\u00e9s), un foro ultralibertario, en que hacen una entrevista a <strong>Arlie Hochschild<\/strong>. Arlie es definida como \u00ab<strong>soci\u00f3loga en la Universidad de California, Berkeley, y autodeclarada feminista, liberal<\/strong> [en el sentido norteamericano del t\u00e9rmino, o sea, socialdem\u00f3crata o socialista, en el lado europeo del Atl\u00e1ntico] <strong>y alocada medioambientalista<\/strong>\u00ab. Ha publicado recientemente un libro titulado algo as\u00ed como \u00abExtranjeros en la propia patria: ira y luto en la derecha americana\u00bb, en el que cuenta que se traslad\u00f3 a vivir durante una temporada en un feudo de la derecha m\u00e1s ultra de los Estados Unidos, para tratar de entender c\u00f3mo piensan y por qu\u00e9. Su conclusi\u00f3n: <strong>Estados Unidos necesitan m\u00e1s empat\u00eda<\/strong>. Y me parece que esto vale tambi\u00e9n para otros entornos pol\u00edticos, ideol\u00f3gicos, sociales y econ\u00f3micos.<\/p>\n<p>Hochschild parte de la evidencia de <strong>una escalada en enfrentamientos, sentimientos negativos y falta de comunicaci\u00f3n, en la izquierda y en la derecha<\/strong>: estaban encerrados en una burbuja. Ella se dirige, como es l\u00f3gico, a sus correligionarios de la izquierda liberal, cuando les dice que <strong>\u00abno puedes desechar a la mitad del pa\u00eds y seguir pensando que sigues un pensamiento interesante, importante y progresivo (&#8230;) Es contraproducente decir que las personas que no piensan como t\u00fa son racistas, ignorantes o que solo son unos fachas rurales y blancos\u00bb<\/strong> -y me parece que esto vale tambi\u00e9n para el otro lado del espectro.<\/p>\n<p>Hochschild explica c\u00f3mo, charlando con una mujer que podr\u00eda ser el prototipo de quien piensa de una manera completamente distinta, lleg\u00f3 a la conclusi\u00f3n de que <strong>ten\u00eda que desconectar su sistema de alarmas y tratar de entenderle,<\/strong> cuando la otra persona lleg\u00f3 a la misma conclusi\u00f3n. Y dice que entonces entendi\u00f3 lo que podr\u00eda ser la historia de los votantes de Trump:<\/p>\n<p>Est\u00e1s, dice, en la cola, mirando hacia lo alto de la colina, donde est\u00e1 el sue\u00f1o americano. Llevas mucho tiempo esperando, y tienes la impresi\u00f3n de que ya va llegando tu hora. Pero entonces te das cuenta de que <strong>hay gente que se est\u00e1 saltando la cola<\/strong>. Son negros, que tienen acceso a los puestos de trabajo que antes eran para ti. Y mujeres, que ocupan los puestos de los hombres. Y hay inmigrantes, y refugiados&#8230; Incluso el pel\u00edcano empapado en petr\u00f3leo en el accidente del Golfo de M\u00e9xico de hace unos a\u00f1os se ha colado delante tuyo. Y la gente dice: Mira, los liberales ponen a los animales delante de las personas&#8230; Y luego ves que Obama es el que les dice que pasen delante tuyo en la cola. O sea, el gobierno federal es el instrumento de tu propia marginalizaci\u00f3n. Y entonces, uno de los que se ha colado te grita: \u00a1Calla, facha rural, atrasado! O sea, te sientes extranjero en tu propio pa\u00eds.<\/p>\n<p>Hochschild dice que, al final, esa gente se siente degradada. Estaban orgullosos de ser trabajadores, blancos, varones, cristianos&#8230; y ahora les echan en cara todo eso.<strong> \u00abLa pol\u00edtica de la identidad se ha cruzado en nuestro camino\u00bb<\/strong>: estaba pensada para la inclusi\u00f3n, pero pone el \u00e9nfasis en lo que nos separa. \u00abEs hora de que los liberales de izquierdas nos demos cuenta de que somos extranjeros en nuestra propia patria. Y de que somos, en alguna medida, responsables de esto. Porque no hemos hecho del partido dem\u00f3crata un motor del cambio para la mayor\u00eda de los ciudadanos americanos\u00bb.<\/p>\n<p>No s\u00e9 si alg\u00fan escritor conservador ha hecho un esfuerzo para entender a los liberales de izquierda americanos. Entender lo que est\u00e1 pasando en ese pa\u00eds no debe ser f\u00e1cil. Pero me gustar\u00eda sacar algunas conclusiones, al menos para mi propio entorno. Una: es muy l\u00f3gico que levantemos barreras y pongamos alarmas ante los que piensan de manera distinta, pero <strong>aprendamos tambi\u00e9n a tratar de entenderles<\/strong>, que no significa que seamos traidores a nuestras ideas. Dos: los hombres y las sociedades somos complejos, de modo que <strong>no hay una sola manera de entendernos<\/strong>. Tres: <strong>desarrollemos un sano esp\u00edritu cr\u00edtico hacia nuestras propias \u00abverdades\u00bb<\/strong>. Lo que no es f\u00e1cil, porque, <strong>a menudo, nuestras verdades est\u00e1n montadas sobre visiones parciales, actitudes c\u00f3modas, estereotipos&#8230;\u00a0<\/strong><\/p>\n","protected":false},"excerpt":{"rendered":"<p>Entiendo que esta entrada sonar\u00e1 mal a los o\u00eddos de los que piensan que los que no piensan como ellos est\u00e1n equivocados y, probablemente, act\u00faan con malas intenciones. Pero me llam\u00f3 la atenci\u00f3n una entrada de Spiked Review (aqu\u00ed, en ingl\u00e9s), un foro ultralibertario, en que hacen una entrevista a Arlie Hochschild. Arlie es definida [&hellip;]<\/p>\n","protected":false},"author":172,"featured_media":0,"comment_status":"open","ping_status":"open","sticky":false,"template":"","format":"standard","meta":{"footnotes":""},"categories":[10775],"tags":[96041,93103,96042],"class_list":["post-6603","post","type-post","status-publish","format-standard","hentry","category-sociedad","tag-derechas","tag-empatia","tag-izquierdas"],"aioseo_notices":[],"_links":{"self":[{"href":"https:\/\/blog.iese.edu\/antonioargandona\/wp-json\/wp\/v2\/posts\/6603","targetHints":{"allow":["GET"]}}],"collection":[{"href":"https:\/\/blog.iese.edu\/antonioargandona\/wp-json\/wp\/v2\/posts"}],"about":[{"href":"https:\/\/blog.iese.edu\/antonioargandona\/wp-json\/wp\/v2\/types\/post"}],"author":[{"embeddable":true,"href":"https:\/\/blog.iese.edu\/antonioargandona\/wp-json\/wp\/v2\/users\/172"}],"replies":[{"embeddable":true,"href":"https:\/\/blog.iese.edu\/antonioargandona\/wp-json\/wp\/v2\/comments?post=6603"}],"version-history":[{"count":1,"href":"https:\/\/blog.iese.edu\/antonioargandona\/wp-json\/wp\/v2\/posts\/6603\/revisions"}],"predecessor-version":[{"id":6604,"href":"https:\/\/blog.iese.edu\/antonioargandona\/wp-json\/wp\/v2\/posts\/6603\/revisions\/6604"}],"wp:attachment":[{"href":"https:\/\/blog.iese.edu\/antonioargandona\/wp-json\/wp\/v2\/media?parent=6603"}],"wp:term":[{"taxonomy":"category","embeddable":true,"href":"https:\/\/blog.iese.edu\/antonioargandona\/wp-json\/wp\/v2\/categories?post=6603"},{"taxonomy":"post_tag","embeddable":true,"href":"https:\/\/blog.iese.edu\/antonioargandona\/wp-json\/wp\/v2\/tags?post=6603"}],"curies":[{"name":"wp","href":"https:\/\/api.w.org\/{rel}","templated":true}]}}