{"id":6918,"date":"2017-11-02T11:43:38","date_gmt":"2017-11-02T10:43:38","guid":{"rendered":"https:\/\/blog.iese.edu\/antonioargandona\/?p=6918"},"modified":"2017-10-24T15:04:33","modified_gmt":"2017-10-24T14:04:33","slug":"persona-familia-hogar-iii","status":"publish","type":"post","link":"https:\/\/blog.iese.edu\/antonioargandona\/2017\/11\/02\/persona-familia-hogar-iii\/","title":{"rendered":"Persona, familia, hogar (III)"},"content":{"rendered":"<p>Vuelvo al tema que dej\u00e9 en una entrada anterior, la primera de esta serie. Despu\u00e9s de ver <strong>qu\u00e9 es lo que caracteriza al hogar<\/strong>, como conjunto de personas que forman una comunidad dentro de otras comunidades, ocupando un espacio y desarrollando un proyecto en el tiempo, la pregunta que me hago es: <strong>\u00bfcu\u00e1l es la funci\u00f3n social del hogar y de la familia?<\/strong> Empec\u00e9 a responderla en la primera entrada, cuando se\u00f1al\u00e9 algunas de las funciones de la familia. Pero no me convenc\u00eda la idea de \u00abimponer\u00bb mi listado. Y prefer\u00eda dejar que la familia me lo contestase. Y lo hago de la mano de la<strong> teor\u00eda de la acci\u00f3n humana<\/strong>, tal como la hemos desarrollado en las organizaciones y en las empresas.<\/p>\n<p>Los que forman la familia tienen <strong>necesidades<\/strong>. Algunos no son conscientes de ello, pero lloran y reclaman, para que otros las satisfagan. Las <strong>acciones<\/strong> en el hogar van dirigida a la satisfacci\u00f3n de esas necesidades, sean personales o colectivas. Las acciones que se llevan a cabo en el hogar son <strong>acciones colectiva o compartidas<\/strong>, que tienen un prop\u00f3sito com\u00fan, alguna motivaci\u00f3n personal y alguna motivaci\u00f3n social o compartida. <strong>Prop\u00f3sito com\u00fan<\/strong> significa que lo que hacemos en el hogar tiene que ver con todos los que estamos en \u00e9l: dormir, comer, preparar la comida, ir a la compra, limpiar la casa, ver la televisi\u00f3n juntos o separados, enfadarnos, perdonarnos&#8230; \u00a1la vida misma! <strong>Motivaciones personales<\/strong>: tengo sed, voy a l frigor\u00edfico y me sirvo una bebida. Y <strong>motivaciones compartidas<\/strong>: todos tenemos sed, y organizamos juntos el consumo de bebidas. Es muy simple, pero me parece que se entiende.<\/p>\n<p>Esas acciones conjuntas exigen la <strong>colaboraci\u00f3n<\/strong> de todos. Todos aportamos y todos recibimos: uno pone la mesa, otro sirve el agua, el ni\u00f1o peque\u00f1o babea y mancha todo pero nos hace gracia a los dem\u00e1s&#8230; Hace falta <strong>coordinaci\u00f3n<\/strong>: a veces, mucha y complicada; habitualmente, muy sencilla. Ah\u00ed se genera <strong>compromiso<\/strong>. Y <strong>confianza<\/strong>. Esas acciones tienen <strong>efectos sobre los que la hacen<\/strong>, pero<strong> tambi\u00e9n sobre los dem\u00e1s<\/strong>. Todos disfrutamos, o nos enfadamos; todos aprendemos. Me march\u00e9 corriendo y no dej\u00e9 mi habitaci\u00f3n ordenada; cuando vuelvo por la tarde ya est\u00e1 ordenada. \u00bfVoy a pagar a mam\u00e1, que lo hizo? No: en todo caso, un beso. Esto no es un mercado, nadie lleva la contabilidad de lo debido y lo pagado. Pero s\u00ed somos conscientes de que <strong>nadie debe vivir a costa de los dem\u00e1s<\/strong>, porque esto destruye el hogar. La <strong>solidaridad<\/strong> debe estar siempre presente.<\/p>\n<p>La familia se caracteriza por el <strong>cuidado<\/strong>: no en abstracto, sino con cada uno. Porque todos somos <strong>vulnerables<\/strong> y <strong>dependientes<\/strong>: lo fuimos cuando \u00e9ramos beb\u00e9s, lo volveremos a ser cuando nos hagamos viejos. Ganamos autonom\u00eda, pero la ponemos al servicio de los dem\u00e1s. El hogar es <strong>una organizaci\u00f3n preparada para cuidar. Siempre. A todos.<\/strong> Por eso, el hogar es el lugar al que se vuelve. Es una <strong>organizaci\u00f3n multiprop\u00f3sito<\/strong>: todos hacemos muchas cosas, que van cambiando en el tiempo: las funciones del hogar no son siempre las mismas, pero todas son importantes. Hemos de estar <strong>dispuestos a hacer lo que haga falta<\/strong>: como dec\u00eda aquel, a planchar un huevo o fre\u00edr una camisa. Los procesos son largos, necesitan tiempo -lo que dije en la segunda entrada de esta serie.<\/p>\n<p><strong>Unidad<\/strong>. La dan los <strong>motivos<\/strong>: si yo voy a la m\u00eda, no habr\u00e1 unidad -lo coment\u00e9 a prop\u00f3sito de la pel\u00edcula \u00abLa, La Land\u00bb, hace uno tiempo. El hogar puede ser una organizaci\u00f3n muy agradable y placentera, al que todos queremos volver, porque trae recuerdos cari\u00f1osos del pasado. Pero puede ser un infierno. Y la sociedad saldr\u00e1 ganando en el primer caso, y perdiendo en el segundo. Y que sea una cosa u otra <strong>depende de nosotros.<\/strong> \u00bfCu\u00e1l es su funci\u00f3n social? Bueno, no he elaborado una definici\u00f3n precisa, pero he tratado de se\u00f1alar algunos de sus caracteres.<\/p>\n","protected":false},"excerpt":{"rendered":"<p>Vuelvo al tema que dej\u00e9 en una entrada anterior, la primera de esta serie. Despu\u00e9s de ver qu\u00e9 es lo que caracteriza al hogar, como conjunto de personas que forman una comunidad dentro de otras comunidades, ocupando un espacio y desarrollando un proyecto en el tiempo, la pregunta que me hago es: \u00bfcu\u00e1l es la [&hellip;]<\/p>\n","protected":false},"author":172,"featured_media":0,"comment_status":"open","ping_status":"open","sticky":false,"template":"","format":"standard","meta":{"footnotes":""},"categories":[10775],"tags":[10587,104890,96095],"class_list":["post-6918","post","type-post","status-publish","format-standard","hentry","category-sociedad","tag-familia","tag-funcion-social","tag-hogar"],"aioseo_notices":[],"_links":{"self":[{"href":"https:\/\/blog.iese.edu\/antonioargandona\/wp-json\/wp\/v2\/posts\/6918","targetHints":{"allow":["GET"]}}],"collection":[{"href":"https:\/\/blog.iese.edu\/antonioargandona\/wp-json\/wp\/v2\/posts"}],"about":[{"href":"https:\/\/blog.iese.edu\/antonioargandona\/wp-json\/wp\/v2\/types\/post"}],"author":[{"embeddable":true,"href":"https:\/\/blog.iese.edu\/antonioargandona\/wp-json\/wp\/v2\/users\/172"}],"replies":[{"embeddable":true,"href":"https:\/\/blog.iese.edu\/antonioargandona\/wp-json\/wp\/v2\/comments?post=6918"}],"version-history":[{"count":1,"href":"https:\/\/blog.iese.edu\/antonioargandona\/wp-json\/wp\/v2\/posts\/6918\/revisions"}],"predecessor-version":[{"id":6919,"href":"https:\/\/blog.iese.edu\/antonioargandona\/wp-json\/wp\/v2\/posts\/6918\/revisions\/6919"}],"wp:attachment":[{"href":"https:\/\/blog.iese.edu\/antonioargandona\/wp-json\/wp\/v2\/media?parent=6918"}],"wp:term":[{"taxonomy":"category","embeddable":true,"href":"https:\/\/blog.iese.edu\/antonioargandona\/wp-json\/wp\/v2\/categories?post=6918"},{"taxonomy":"post_tag","embeddable":true,"href":"https:\/\/blog.iese.edu\/antonioargandona\/wp-json\/wp\/v2\/tags?post=6918"}],"curies":[{"name":"wp","href":"https:\/\/api.w.org\/{rel}","templated":true}]}}