{"id":8196,"date":"2021-09-17T11:31:48","date_gmt":"2021-09-17T10:31:48","guid":{"rendered":"https:\/\/blog.iese.edu\/antonioargandona\/?p=8196"},"modified":"2021-09-13T16:32:04","modified_gmt":"2021-09-13T15:32:04","slug":"he-escrito-un-nuevo-libro-sobre-la-empresa","status":"publish","type":"post","link":"https:\/\/blog.iese.edu\/antonioargandona\/2021\/09\/17\/he-escrito-un-nuevo-libro-sobre-la-empresa\/","title":{"rendered":"\u00a1He escrito un nuevo libro sobre la empresa!"},"content":{"rendered":"<p>Queridos amigos,<\/p>\n<p>Me alegra mucho comunicaros que&#8230; \u00a1he publicado otro libro! Se titula <strong>\u00abLa empresa, una comunidad de personas\u00bb<\/strong>, y tiene como subt\u00edtulo<strong> \u00abCultura empresarial para un tiempo nuevo\u00bb<\/strong>. Lo edita Plataforma Editorial, y es una sugerencia de su Presidente, Jordi Nadal, a quien he de agradecerle que me empujase cari\u00f1osamente a escribirlo. Como explico en el Pr\u00f3logo, iba a llamarse <strong>\u00abDirigir es servir\u00bb<\/strong>, pero al final ha predominado la idea de la empresa como comunidad de personas. Encontrar\u00e9is la referencia en Amazon <a href=\"https:\/\/www.amazon.es\/gp\/product\/8418582669?ref=em_1p_0_ti&amp;ref_=pe_4021791_617259561\">aqu\u00ed<\/a>. Llegar\u00e1 a las librer\u00edas el d\u00eda <strong>29 de septiembre<\/strong>, y espero que os guste.<\/p>\n<p>El t\u00edtulo refleja bien su contenido, y los que me hab\u00e9is seguido a lo largo de los \u00faltimos a\u00f1os encontrar\u00e9is en \u00e9l muchas ideas vertidas en anteriores publicaciones y, c\u00f3mo no, en este blog. Tiene 331 p\u00e1ginas, 16 cap\u00edtulos y un ep\u00edlogo. Parte de la teor\u00eda de la <strong>acci\u00f3n humana en la empresa<\/strong> como acci\u00f3n compartida (cap\u00edtulos 2 y 3), e incluye temas como el <strong>prop\u00f3sito<\/strong> de la empresa (cap\u00edtulo 4), la empresa y el <strong>beneficio<\/strong> (5), <strong>dimensiones<\/strong> de la empresa y <strong>modelos<\/strong> de empresa (6 a 8), la <strong>cultura<\/strong> de la empresa (9), <strong>dirigir<\/strong> (10), <strong>\u00e9tica<\/strong> del directivo y la empresa (11 y 12), <strong>responsabilidad social<\/strong> (13 y 14), el <strong>trabajo<\/strong> en la empresa (15), una breve <strong>historia<\/strong> de la empresa (16) y un ep\u00edlogo dirigido a los j\u00f3venes que se plantean encaminar su vida profesional hacia las organizaciones humanas.<\/p>\n<p>No es un libro de texto, aunque puede tener muchas ideas \u00fatiles para profesores y alumnos. Est\u00e1 pensado para personas que trabajan en empresas, sobre todo en puestos directivos o que se orientan hacia esas responsabilidades.<\/p>\n","protected":false},"excerpt":{"rendered":"<p>Queridos amigos, Me alegra mucho comunicaros que&#8230; \u00a1he publicado otro libro! Se titula \u00abLa empresa, una comunidad de personas\u00bb, y tiene como subt\u00edtulo \u00abCultura empresarial para un tiempo nuevo\u00bb. Lo edita Plataforma Editorial, y es una sugerencia de su Presidente, Jordi Nadal, a quien he de agradecerle que me empujase cari\u00f1osamente a escribirlo. Como explico [&hellip;]<\/p>\n","protected":false},"author":172,"featured_media":0,"comment_status":"open","ping_status":"open","sticky":false,"template":"","format":"standard","meta":{"footnotes":""},"categories":[12798],"tags":[1577,1582,23554,66472,37510],"class_list":["post-8196","post","type-post","status-publish","format-standard","hentry","category-etica-y-responsabilidad-social","tag-dirigir","tag-empresa","tag-etica-de-la-empresa","tag-personas","tag-rse"],"aioseo_notices":[],"_links":{"self":[{"href":"https:\/\/blog.iese.edu\/antonioargandona\/wp-json\/wp\/v2\/posts\/8196","targetHints":{"allow":["GET"]}}],"collection":[{"href":"https:\/\/blog.iese.edu\/antonioargandona\/wp-json\/wp\/v2\/posts"}],"about":[{"href":"https:\/\/blog.iese.edu\/antonioargandona\/wp-json\/wp\/v2\/types\/post"}],"author":[{"embeddable":true,"href":"https:\/\/blog.iese.edu\/antonioargandona\/wp-json\/wp\/v2\/users\/172"}],"replies":[{"embeddable":true,"href":"https:\/\/blog.iese.edu\/antonioargandona\/wp-json\/wp\/v2\/comments?post=8196"}],"version-history":[{"count":2,"href":"https:\/\/blog.iese.edu\/antonioargandona\/wp-json\/wp\/v2\/posts\/8196\/revisions"}],"predecessor-version":[{"id":8198,"href":"https:\/\/blog.iese.edu\/antonioargandona\/wp-json\/wp\/v2\/posts\/8196\/revisions\/8198"}],"wp:attachment":[{"href":"https:\/\/blog.iese.edu\/antonioargandona\/wp-json\/wp\/v2\/media?parent=8196"}],"wp:term":[{"taxonomy":"category","embeddable":true,"href":"https:\/\/blog.iese.edu\/antonioargandona\/wp-json\/wp\/v2\/categories?post=8196"},{"taxonomy":"post_tag","embeddable":true,"href":"https:\/\/blog.iese.edu\/antonioargandona\/wp-json\/wp\/v2\/tags?post=8196"}],"curies":[{"name":"wp","href":"https:\/\/api.w.org\/{rel}","templated":true}]}}