{"id":8688,"date":"2024-08-08T12:58:06","date_gmt":"2024-08-08T11:58:06","guid":{"rendered":"https:\/\/blog.iese.edu\/antonioargandona\/?p=8688"},"modified":"2024-08-07T16:12:42","modified_gmt":"2024-08-07T15:12:42","slug":"otra-vez-la-empresa-socialmente-responsable-iii","status":"publish","type":"post","link":"https:\/\/blog.iese.edu\/antonioargandona\/2024\/08\/08\/otra-vez-la-empresa-socialmente-responsable-iii\/","title":{"rendered":"Otra vez la empresa socialmente responsable (III)"},"content":{"rendered":"<p>Hoy se me ha ocurrido que la <strong>antropolog\u00eda<\/strong> puede tener algo que decir sobre la <strong>Responsabilidad Social de la Empresa<\/strong> (RSE), a prop\u00f3sito de la pregunta que est\u00e1 en la base de muchas discusiones sobre la RSE: \u00bftiene alguna responsabilidad la empresa por sus <strong>impactos<\/strong> en la sociedad?<\/p>\n<p>Si nuestra concepci\u00f3n de la <strong>persona<\/strong> humana es totalmente individualista, la respuesta ser\u00e1, probablemente, que no tiene ninguna responsabilidad, por la sencilla raz\u00f3n de que&#8230; no hay otros a quienes afecten mis decisiones. Pero si el ser humano es un ser <strong>relacional<\/strong>, que se relaciona con los dem\u00e1s, lo que haga tendr\u00e1 impactos sobre otros, y no puede olvidarlos. No puedo, por ejemplo, dejar mi coche en cualquier lugar, obstaculizando el paso de los dem\u00e1s.<\/p>\n<p>Si esto pasa con las personas -iba a decir las personas aisladas, pero acabo de afirmar que no existen las personas aisladas-, tambi\u00e9n pasar\u00e1 con las personas que trabajan unidas dentro de una empresa. En cuando pienso en relaciones, no me queda otro remedio que pensar en consecuencias de esas relaciones. Y entre ellas est\u00e1 la RSE.<\/p>\n<p>Esto tiene varias consecuencias. Las empresas no pueden omitir la consideraci\u00f3n de sus responsabilidades por sus impactos en la sociedad, que eso es la RSE. Algunas de esas responsabilidades est\u00e1n recogidas en las leyes, regulaciones y costumbres, pero no todas, de modo que la RSE debe contemplar las <strong>responsabilidades legales<\/strong>&#8230; y las que no est\u00e1n contempladas en las leyes. Pero no me parece posible establecer un listado de esas responsabilidades, porque las circunstancias son muy distintas. De modo que cada empresa tendr\u00e1 que hacer su listado de responsabilidades sociales relevantes, en funci\u00f3n de cu\u00e1les sean sus stakeholders.<\/p>\n","protected":false},"excerpt":{"rendered":"<p>Hoy se me ha ocurrido que la antropolog\u00eda puede tener algo que decir sobre la Responsabilidad Social de la Empresa (RSE), a prop\u00f3sito de la pregunta que est\u00e1 en la base de muchas discusiones sobre la RSE: \u00bftiene alguna responsabilidad la empresa por sus impactos en la sociedad? Si nuestra concepci\u00f3n de la persona humana [&hellip;]<\/p>\n","protected":false},"author":172,"featured_media":0,"comment_status":"open","ping_status":"open","sticky":false,"template":"","format":"standard","meta":{"footnotes":""},"categories":[12798],"tags":[59049,88256,1230,37510],"class_list":["post-8688","post","type-post","status-publish","format-standard","hentry","category-etica-y-responsabilidad-social","tag-impacto-social","tag-relaciones","tag-rsc","tag-rse"],"aioseo_notices":[],"_links":{"self":[{"href":"https:\/\/blog.iese.edu\/antonioargandona\/wp-json\/wp\/v2\/posts\/8688","targetHints":{"allow":["GET"]}}],"collection":[{"href":"https:\/\/blog.iese.edu\/antonioargandona\/wp-json\/wp\/v2\/posts"}],"about":[{"href":"https:\/\/blog.iese.edu\/antonioargandona\/wp-json\/wp\/v2\/types\/post"}],"author":[{"embeddable":true,"href":"https:\/\/blog.iese.edu\/antonioargandona\/wp-json\/wp\/v2\/users\/172"}],"replies":[{"embeddable":true,"href":"https:\/\/blog.iese.edu\/antonioargandona\/wp-json\/wp\/v2\/comments?post=8688"}],"version-history":[{"count":1,"href":"https:\/\/blog.iese.edu\/antonioargandona\/wp-json\/wp\/v2\/posts\/8688\/revisions"}],"predecessor-version":[{"id":8689,"href":"https:\/\/blog.iese.edu\/antonioargandona\/wp-json\/wp\/v2\/posts\/8688\/revisions\/8689"}],"wp:attachment":[{"href":"https:\/\/blog.iese.edu\/antonioargandona\/wp-json\/wp\/v2\/media?parent=8688"}],"wp:term":[{"taxonomy":"category","embeddable":true,"href":"https:\/\/blog.iese.edu\/antonioargandona\/wp-json\/wp\/v2\/categories?post=8688"},{"taxonomy":"post_tag","embeddable":true,"href":"https:\/\/blog.iese.edu\/antonioargandona\/wp-json\/wp\/v2\/tags?post=8688"}],"curies":[{"name":"wp","href":"https:\/\/api.w.org\/{rel}","templated":true}]}}