{"id":3956,"date":"2022-01-17T05:33:05","date_gmt":"2022-01-17T04:33:05","guid":{"rendered":"https:\/\/blog.iese.edu\/empresafamiliar\/?p=3956"},"modified":"2023-01-09T10:18:03","modified_gmt":"2023-01-09T09:18:03","slug":"una-charla-con-premio-nobel-amartya-sen","status":"publish","type":"post","link":"https:\/\/blog.iese.edu\/empresafamiliar\/2022\/una-charla-con-premio-nobel-amartya-sen\/","title":{"rendered":"Una charla con Premio Nobel Amartya Sen"},"content":{"rendered":"<p>Como parte de mi papel en el jurado del <strong>Premio Princesa de Asturias<\/strong>, tuve el gran honor de hablar con el <strong>economista y fil\u00f3sofo Amartya Sen, Premio Nobel de Econom\u00eda<\/strong> y <strong>Premio Princesa de Asturias 2021 en Ciencias Sociales<\/strong>.<\/p>\n<p>El <strong>desarrollo humano<\/strong> y las c<strong>apacidades humanas<\/strong> est\u00e1n en el centro de su obra. En nuestra conversaci\u00f3n, el Prof. Sen subray\u00f3 la importancia del aprendizaje y la comunicaci\u00f3n para el avance de la sociedad y el cambio social positivo.<\/p>\n<p><a href=\"https:\/\/www.fpa.es\/multimedia-en\/online-event\" target=\"_blank\" rel=\"noopener noreferrer\">Princesa de Asturias evento virtual: <\/a><em><br \/>\n<\/em><span style=\"color: #ff0000\"><strong>\u00abUna conversaci\u00f3n con Amartya Sen\u00bb<\/strong><\/span><\/p>\n<p>IESE Insight article:<strong><br \/>\n<span style=\"color: #ff0000\">\u00abAmartya Sen: el crecimiento en t\u00e9rminos humanos\u00bb<\/span><\/strong><\/p>\n<p>&nbsp;<\/p>\n<p>&nbsp;<\/p>\n<p>&nbsp;<\/p>\n<p>&nbsp;<\/p>\n","protected":false},"excerpt":{"rendered":"<p>Como parte de mi papel en el jurado del Premio Princesa de Asturias, tuve el gran honor de hablar con el economista y fil\u00f3sofo Amartya Sen, Premio Nobel de Econom\u00eda y Premio Princesa de Asturias 2021 en Ciencias Sociales. El desarrollo humano y las capacidades humanas est\u00e1n en el centro de su obra. En nuestra [&hellip;]<\/p>\n","protected":false},"author":954,"featured_media":3960,"comment_status":"closed","ping_status":"closed","sticky":false,"template":"","format":"standard","meta":{"_acf_changed":false,"footnotes":""},"categories":[1527],"tags":[117544,92683,40554,104899],"class_list":["post-3956","post","type-post","status-publish","format-standard","has-post-thumbnail","hentry","category-noticias","tag-amartya-sen","tag-capacidad-humana","tag-desarrollo-humano","tag-premio-nobel"],"acf":[],"aioseo_notices":[],"_links":{"self":[{"href":"https:\/\/blog.iese.edu\/empresafamiliar\/wp-json\/wp\/v2\/posts\/3956","targetHints":{"allow":["GET"]}}],"collection":[{"href":"https:\/\/blog.iese.edu\/empresafamiliar\/wp-json\/wp\/v2\/posts"}],"about":[{"href":"https:\/\/blog.iese.edu\/empresafamiliar\/wp-json\/wp\/v2\/types\/post"}],"author":[{"embeddable":true,"href":"https:\/\/blog.iese.edu\/empresafamiliar\/wp-json\/wp\/v2\/users\/954"}],"replies":[{"embeddable":true,"href":"https:\/\/blog.iese.edu\/empresafamiliar\/wp-json\/wp\/v2\/comments?post=3956"}],"version-history":[{"count":3,"href":"https:\/\/blog.iese.edu\/empresafamiliar\/wp-json\/wp\/v2\/posts\/3956\/revisions"}],"predecessor-version":[{"id":3961,"href":"https:\/\/blog.iese.edu\/empresafamiliar\/wp-json\/wp\/v2\/posts\/3956\/revisions\/3961"}],"wp:featuredmedia":[{"embeddable":true,"href":"https:\/\/blog.iese.edu\/empresafamiliar\/wp-json\/wp\/v2\/media\/3960"}],"wp:attachment":[{"href":"https:\/\/blog.iese.edu\/empresafamiliar\/wp-json\/wp\/v2\/media?parent=3956"}],"wp:term":[{"taxonomy":"category","embeddable":true,"href":"https:\/\/blog.iese.edu\/empresafamiliar\/wp-json\/wp\/v2\/categories?post=3956"},{"taxonomy":"post_tag","embeddable":true,"href":"https:\/\/blog.iese.edu\/empresafamiliar\/wp-json\/wp\/v2\/tags?post=3956"}],"curies":[{"name":"wp","href":"https:\/\/api.w.org\/{rel}","templated":true}]}}