{"id":133,"date":"2011-03-27T19:41:21","date_gmt":"2011-03-27T19:41:21","guid":{"rendered":"https:\/\/blog.iese.edu\/estilosdedireccion\/?p=133"},"modified":"2011-04-06T08:58:40","modified_gmt":"2011-04-06T08:58:40","slug":"miquel-lladode-la-experiencia-profesional-a-la-docencia","status":"publish","type":"post","link":"https:\/\/blog.iese.edu\/estilosdedireccion\/2011\/03\/27\/miquel-lladode-la-experiencia-profesional-a-la-docencia\/","title":{"rendered":"Miquel Llad\u00f3,de la experiencia profesional a la docencia"},"content":{"rendered":"<p>Miquel Llad\u00f3 , pese a su juventud, disfruta de una experiencia internacional en multinacionales norteamericanas realmente extraordinaria.Empez\u00f3 en el Grupo Agrolimen, luego en Pepsico en Espa\u00f1a, pero su objetivo era ir a trabajar a los Estados Unidos, a coger experiencia y conocimiento de otra cultura.Empez\u00f3 desde abajo en Pepsico\/Frito Lay vendiendo con un cami\u00f3n en Brooklyn cada d\u00eda desde las 4 de la ma\u00f1ana.Volvi\u00f3 a Espa\u00f1a y sigui\u00f3 su carrera en Pepsico y despu\u00e9s ya en BIMBO , primero en puestos de marketing y ventas hasta llegar a Presidente de Espa\u00f1a y Presidente de Sara Lee Bakery Europe.<br \/>\nHace poco mas de dos a\u00f1os decidi\u00f3 dedicarse a la docencia y al asesoramiento de empresas.Tiene la concesi\u00f3n para Espa\u00f1a de la licencia de Dale Carnegie y esta en varios consejos nacionales e internacionales, y recientemente ha sido nombrado Lecturer del IESE.<br \/>\nSu exposici\u00f3n de como manejar la agenda, alineandola a los valores , estrategia y objetivos de la empresa , es realmente practica y ha sido muy bien valorada por los estudiantes. Domina tu agenda , dice, y no dejes que tu agenda te domine a ti.<br \/>\nComo en el b\u00e9isbol , en la empresa hay que lograr \u00abhome runs \u00ab, dedicarse a lo prioritario, saber decir no y acabo con la practica matriz sobre lo urgente y lo importante<\/p>\n","protected":false},"excerpt":{"rendered":"<p>Miquel Llad\u00f3 , pese a su juventud, disfruta de una experiencia internacional en multinacionales norteamericanas realmente extraordinaria.Empez\u00f3 en el Grupo Agrolimen, luego en Pepsico en Espa\u00f1a, pero su objetivo era ir a trabajar a los Estados Unidos, a coger experiencia y conocimiento de otra cultura.Empez\u00f3 desde abajo en Pepsico\/Frito Lay vendiendo con un cami\u00f3n en [&hellip;]<\/p>\n","protected":false},"author":417,"featured_media":0,"comment_status":"open","ping_status":"open","sticky":false,"template":"","format":"standard","meta":{"footnotes":""},"categories":[14429],"tags":[],"class_list":["post-133","post","type-post","status-publish","format-standard","hentry","category-direccion-general"],"_links":{"self":[{"href":"https:\/\/blog.iese.edu\/estilosdedireccion\/wp-json\/wp\/v2\/posts\/133","targetHints":{"allow":["GET"]}}],"collection":[{"href":"https:\/\/blog.iese.edu\/estilosdedireccion\/wp-json\/wp\/v2\/posts"}],"about":[{"href":"https:\/\/blog.iese.edu\/estilosdedireccion\/wp-json\/wp\/v2\/types\/post"}],"author":[{"embeddable":true,"href":"https:\/\/blog.iese.edu\/estilosdedireccion\/wp-json\/wp\/v2\/users\/417"}],"replies":[{"embeddable":true,"href":"https:\/\/blog.iese.edu\/estilosdedireccion\/wp-json\/wp\/v2\/comments?post=133"}],"version-history":[{"count":3,"href":"https:\/\/blog.iese.edu\/estilosdedireccion\/wp-json\/wp\/v2\/posts\/133\/revisions"}],"predecessor-version":[{"id":147,"href":"https:\/\/blog.iese.edu\/estilosdedireccion\/wp-json\/wp\/v2\/posts\/133\/revisions\/147"}],"wp:attachment":[{"href":"https:\/\/blog.iese.edu\/estilosdedireccion\/wp-json\/wp\/v2\/media?parent=133"}],"wp:term":[{"taxonomy":"category","embeddable":true,"href":"https:\/\/blog.iese.edu\/estilosdedireccion\/wp-json\/wp\/v2\/categories?post=133"},{"taxonomy":"post_tag","embeddable":true,"href":"https:\/\/blog.iese.edu\/estilosdedireccion\/wp-json\/wp\/v2\/tags?post=133"}],"curies":[{"name":"wp","href":"https:\/\/api.w.org\/{rel}","templated":true}]}}