{"id":145,"date":"2011-04-06T08:56:55","date_gmt":"2011-04-06T08:56:55","guid":{"rendered":"https:\/\/blog.iese.edu\/estilosdedireccion\/?p=145"},"modified":"2011-04-06T08:56:55","modified_gmt":"2011-04-06T08:56:55","slug":"cristobal-colon-el-visionario-de-la-fageda","status":"publish","type":"post","link":"https:\/\/blog.iese.edu\/estilosdedireccion\/2011\/04\/06\/cristobal-colon-el-visionario-de-la-fageda\/","title":{"rendered":"Crist\u00f3bal Col\u00f3n, el visionario de La Fageda"},"content":{"rendered":"<p>El \u00faltimo ponente invitado al programa , Crist\u00f3bal Col\u00f3n, ha aportado una bocanada de aire fresco, de reflexi\u00f3n sobre el sentido de nuestras vidas, y ha aportado valiosos consejos a nuestros alumnos sobre los caminos que profesional y personalmente conducen a la felicidad.<\/p>\n<p>Hace casi 30 a\u00f1os, Crist\u00f3bal fund\u00f3 La Fageda.Era una locura responsable.De profesi\u00f3n psic\u00f3logo, trabaja durante a\u00f1os en hospitales psiqui\u00e1tricos y observa con rabia y frustraci\u00f3n que los enfermos mentales no mejoran en estas \u00a8c\u00e1rceles \u00a8, antes al contrario , siguen un proceso acelerado de degradaci\u00f3n. Piensa que dar trabajo a las personas con diferentes capacidades, como a \u00e9l les prefiere denominar, ayudar\u00e1 a su salud y a su bienestar, y en 1982 funda La Fageda, cooperativa que da empleo a todos los enfermos mentales de La Garrotxa, en Girona, \u00a0una empresa ganadera de proceso integral, que produce yogures, helados y pr\u00f3ximamente mermeladas. Con el tiempo, y sin hacer publicidad ni menci\u00f3n de su obra social La Fageda se convierte en la tercera marca de yogures de Catalu\u00f1a y tiene beneficios, sin que \u00e9ste sea el objetivo de la empresa.El caso de La Fageda es estudiado ya en muchas escuelas de negocios como el IESE y Harvard. Crist\u00f3bal, ha profesionalizado el primer nivel de la organizaci\u00f3n y \u00e9l como presidente se dedica a transmitir un doble mensaje. A la psiquiatr\u00eda cl\u00ednica, en general, les demuestra c\u00f3mo con este proyecto se obtienen mejores resultados que con los tratamientos convencionales a los enfermos mentales y al mundo de la empresa que con un objetivo al cien por cien de orden social, se consiguen beneficios si se trabaja con excelencia, siendo fieles a unos valores y a una cultura estable y fabricando productos de gran calidad.<\/p>\n","protected":false},"excerpt":{"rendered":"<p>El \u00faltimo ponente invitado al programa , Crist\u00f3bal Col\u00f3n, ha aportado una bocanada de aire fresco, de reflexi\u00f3n sobre el sentido de nuestras vidas, y ha aportado valiosos consejos a nuestros alumnos sobre los caminos que profesional y personalmente conducen a la felicidad. Hace casi 30 a\u00f1os, Crist\u00f3bal fund\u00f3 La Fageda.Era una locura responsable.De profesi\u00f3n [&hellip;]<\/p>\n","protected":false},"author":417,"featured_media":0,"comment_status":"open","ping_status":"open","sticky":false,"template":"","format":"standard","meta":{"footnotes":""},"categories":[14429],"tags":[],"class_list":["post-145","post","type-post","status-publish","format-standard","hentry","category-direccion-general"],"_links":{"self":[{"href":"https:\/\/blog.iese.edu\/estilosdedireccion\/wp-json\/wp\/v2\/posts\/145","targetHints":{"allow":["GET"]}}],"collection":[{"href":"https:\/\/blog.iese.edu\/estilosdedireccion\/wp-json\/wp\/v2\/posts"}],"about":[{"href":"https:\/\/blog.iese.edu\/estilosdedireccion\/wp-json\/wp\/v2\/types\/post"}],"author":[{"embeddable":true,"href":"https:\/\/blog.iese.edu\/estilosdedireccion\/wp-json\/wp\/v2\/users\/417"}],"replies":[{"embeddable":true,"href":"https:\/\/blog.iese.edu\/estilosdedireccion\/wp-json\/wp\/v2\/comments?post=145"}],"version-history":[{"count":1,"href":"https:\/\/blog.iese.edu\/estilosdedireccion\/wp-json\/wp\/v2\/posts\/145\/revisions"}],"predecessor-version":[{"id":146,"href":"https:\/\/blog.iese.edu\/estilosdedireccion\/wp-json\/wp\/v2\/posts\/145\/revisions\/146"}],"wp:attachment":[{"href":"https:\/\/blog.iese.edu\/estilosdedireccion\/wp-json\/wp\/v2\/media?parent=145"}],"wp:term":[{"taxonomy":"category","embeddable":true,"href":"https:\/\/blog.iese.edu\/estilosdedireccion\/wp-json\/wp\/v2\/categories?post=145"},{"taxonomy":"post_tag","embeddable":true,"href":"https:\/\/blog.iese.edu\/estilosdedireccion\/wp-json\/wp\/v2\/tags?post=145"}],"curies":[{"name":"wp","href":"https:\/\/api.w.org\/{rel}","templated":true}]}}