{"id":244,"date":"2012-01-10T11:58:57","date_gmt":"2012-01-10T10:58:57","guid":{"rendered":"https:\/\/blog.iese.edu\/estilosdedireccion\/?p=244"},"modified":"2012-01-10T11:58:57","modified_gmt":"2012-01-10T10:58:57","slug":"telefonicas-disruptive-council","status":"publish","type":"post","link":"https:\/\/blog.iese.edu\/estilosdedireccion\/2012\/01\/10\/telefonicas-disruptive-council\/","title":{"rendered":"Telef\u00f3nica&#8217;s Disruptive Council"},"content":{"rendered":"<p>Hace 3 a\u00f1os Telef\u00f3nica cre\u00f3 el Disruptive Council, del que tengo el honor de formar parte.Se trata de que un grupo de personas y gurus internacionales procedentes de todo el mundo y de distintos perfiles profesionales reflexionemos \u00a8out of the box \u00a8 sobre la evoluci\u00f3n de la sociedad, de los h\u00e1bitos de los consumidores y de los canales de distribuci\u00f3n en los pr\u00f3ximos 10 a 20 a\u00f1os.<\/p>\n<p>Hoy y ma\u00f1ana nos reuniremos en el nuevo edificio de I + D de Telef\u00f3nica en Barcelona.La anterior reuni\u00f3n tuvo lugar en Sao Paulo.Tendremos el placer y la gran oportunidad de contar como moderador de las sesiones al Prof.Pedro Nueno y entre los componentes del Council hay desde emprendedores de Silicon Valley y \u00a0 otras empresas de internet, soci\u00f3logos, economistas, un director de Facebook, y principales directivos de Telef\u00f3nica con el COO Julio Linares, Carlos Domingo Director de I + D, Ernesto Gardelliano de Telef&#8217;\u00f3nica Digital o el miembro de la Comisi\u00f3n Delegada del Consejo, Carlos Colomer.<\/p>\n<p>Perspectiva , pues, apasionante para discutir con expertos sobre este complejo mundo de internet y las redes sociales.<\/p>\n","protected":false},"excerpt":{"rendered":"<p>Hace 3 a\u00f1os Telef\u00f3nica cre\u00f3 el Disruptive Council, del que tengo el honor de formar parte.Se trata de que un grupo de personas y gurus internacionales procedentes de todo el mundo y de distintos perfiles profesionales reflexionemos \u00a8out of the box \u00a8 sobre la evoluci\u00f3n de la sociedad, de los h\u00e1bitos de los consumidores y [&hellip;]<\/p>\n","protected":false},"author":417,"featured_media":0,"comment_status":"open","ping_status":"open","sticky":false,"template":"","format":"standard","meta":{"footnotes":""},"categories":[14429],"tags":[],"class_list":["post-244","post","type-post","status-publish","format-standard","hentry","category-direccion-general"],"_links":{"self":[{"href":"https:\/\/blog.iese.edu\/estilosdedireccion\/wp-json\/wp\/v2\/posts\/244","targetHints":{"allow":["GET"]}}],"collection":[{"href":"https:\/\/blog.iese.edu\/estilosdedireccion\/wp-json\/wp\/v2\/posts"}],"about":[{"href":"https:\/\/blog.iese.edu\/estilosdedireccion\/wp-json\/wp\/v2\/types\/post"}],"author":[{"embeddable":true,"href":"https:\/\/blog.iese.edu\/estilosdedireccion\/wp-json\/wp\/v2\/users\/417"}],"replies":[{"embeddable":true,"href":"https:\/\/blog.iese.edu\/estilosdedireccion\/wp-json\/wp\/v2\/comments?post=244"}],"version-history":[{"count":1,"href":"https:\/\/blog.iese.edu\/estilosdedireccion\/wp-json\/wp\/v2\/posts\/244\/revisions"}],"predecessor-version":[{"id":245,"href":"https:\/\/blog.iese.edu\/estilosdedireccion\/wp-json\/wp\/v2\/posts\/244\/revisions\/245"}],"wp:attachment":[{"href":"https:\/\/blog.iese.edu\/estilosdedireccion\/wp-json\/wp\/v2\/media?parent=244"}],"wp:term":[{"taxonomy":"category","embeddable":true,"href":"https:\/\/blog.iese.edu\/estilosdedireccion\/wp-json\/wp\/v2\/categories?post=244"},{"taxonomy":"post_tag","embeddable":true,"href":"https:\/\/blog.iese.edu\/estilosdedireccion\/wp-json\/wp\/v2\/tags?post=244"}],"curies":[{"name":"wp","href":"https:\/\/api.w.org\/{rel}","templated":true}]}}