{"id":247,"date":"2012-01-24T19:10:56","date_gmt":"2012-01-24T18:10:56","guid":{"rendered":"https:\/\/blog.iese.edu\/estilosdedireccion\/?p=247"},"modified":"2012-01-24T19:17:10","modified_gmt":"2012-01-24T18:17:10","slug":"tradi-12-empieza-el-curso-mas-interesante-del-mba","status":"publish","type":"post","link":"https:\/\/blog.iese.edu\/estilosdedireccion\/2012\/01\/24\/tradi-12-empieza-el-curso-mas-interesante-del-mba\/","title":{"rendered":"TRADI 12.Empieza el curso m\u00e1s interesante del MBA"},"content":{"rendered":"<p>Impacientes ya por el inicio del curso TRADI 12 \u00a0QUE HACEN LOS BUENOS DIRECTIVOS.EL D\u00cdA A D\u00cdA DEL DIRECTOR GENERAL.85 alumnos del segundo a\u00f1o del full time MBA, de 24 nacionalidades diferentes.Desde el dia 30 hasta mitad de abril, todos los lunes y martes recibiremos un alto directivo de \u00e9xito de todo tipo de compa\u00f1\u00edas y sectores comeremos con ellos\/as y nos explicar\u00e1n,c\u00f3mo dirigen, cu\u00e1les son sus prioridades, c\u00f3mo distribuyen su agenda.Empezaremos con Carina Szpilka, Directora General de ING Direct Bank, y seguiremos con los presidentes y CEOs de Nestl\u00e9, Telef\u00f3nica, IKEA, Siemens, Carrefour, Danone, FNAC,Unilever,LVMH,La Caixa,Gas Natural, ToysRs,Vodafone,HP,Iberdrola,etc, etc e incluso un ex All Black.Espectacular.<\/p>\n<p>Cada semana iremos comentando en este blog, las experiencias que nos van contando.La primera sesi\u00f3n el lunes 30 en el Aula Magna del Campus Norte.Las siguientes sesiones en el Auditorio del Campus Sur.<\/p>\n<p>Est\u00e1n tambi\u00e9n invitados los alumnos del EMBA.<\/p>\n<p>No os perd\u00e1is la primera sesi\u00f3n , el lunes 30 de enero de 3.30 a 4,45 con un resumen de lo investigado hasta ahora de los 7 a\u00f1os anteriores del curso, con videos y referencias de primeros directivos y resumen del libro YO DIRIJO.La Direcci\u00f3n del siglo XXI seg\u00fan sus protagonistas.Ed.Deusto<\/p>\n","protected":false},"excerpt":{"rendered":"<p>Impacientes ya por el inicio del curso TRADI 12 \u00a0QUE HACEN LOS BUENOS DIRECTIVOS.EL D\u00cdA A D\u00cdA DEL DIRECTOR GENERAL.85 alumnos del segundo a\u00f1o del full time MBA, de 24 nacionalidades diferentes.Desde el dia 30 hasta mitad de abril, todos los lunes y martes recibiremos un alto directivo de \u00e9xito de todo tipo de compa\u00f1\u00edas [&hellip;]<\/p>\n","protected":false},"author":417,"featured_media":0,"comment_status":"open","ping_status":"open","sticky":false,"template":"","format":"standard","meta":{"footnotes":""},"categories":[14429],"tags":[],"class_list":["post-247","post","type-post","status-publish","format-standard","hentry","category-direccion-general"],"_links":{"self":[{"href":"https:\/\/blog.iese.edu\/estilosdedireccion\/wp-json\/wp\/v2\/posts\/247","targetHints":{"allow":["GET"]}}],"collection":[{"href":"https:\/\/blog.iese.edu\/estilosdedireccion\/wp-json\/wp\/v2\/posts"}],"about":[{"href":"https:\/\/blog.iese.edu\/estilosdedireccion\/wp-json\/wp\/v2\/types\/post"}],"author":[{"embeddable":true,"href":"https:\/\/blog.iese.edu\/estilosdedireccion\/wp-json\/wp\/v2\/users\/417"}],"replies":[{"embeddable":true,"href":"https:\/\/blog.iese.edu\/estilosdedireccion\/wp-json\/wp\/v2\/comments?post=247"}],"version-history":[{"count":3,"href":"https:\/\/blog.iese.edu\/estilosdedireccion\/wp-json\/wp\/v2\/posts\/247\/revisions"}],"predecessor-version":[{"id":250,"href":"https:\/\/blog.iese.edu\/estilosdedireccion\/wp-json\/wp\/v2\/posts\/247\/revisions\/250"}],"wp:attachment":[{"href":"https:\/\/blog.iese.edu\/estilosdedireccion\/wp-json\/wp\/v2\/media?parent=247"}],"wp:term":[{"taxonomy":"category","embeddable":true,"href":"https:\/\/blog.iese.edu\/estilosdedireccion\/wp-json\/wp\/v2\/categories?post=247"},{"taxonomy":"post_tag","embeddable":true,"href":"https:\/\/blog.iese.edu\/estilosdedireccion\/wp-json\/wp\/v2\/tags?post=247"}],"curies":[{"name":"wp","href":"https:\/\/api.w.org\/{rel}","templated":true}]}}