{"id":337,"date":"2012-03-07T16:30:04","date_gmt":"2012-03-07T15:30:04","guid":{"rendered":"https:\/\/blog.iese.edu\/estilosdedireccion\/?p=337"},"modified":"2012-03-07T16:30:04","modified_gmt":"2012-03-07T15:30:04","slug":"rafael-villaseca-ceo-gas-natural-fenosa","status":"publish","type":"post","link":"https:\/\/blog.iese.edu\/estilosdedireccion\/2012\/03\/07\/rafael-villaseca-ceo-gas-natural-fenosa\/","title":{"rendered":"Rafael Villaseca, CEO Gas Natural Fenosa"},"content":{"rendered":"<p>Esta semana la iniciamos con la ponencia de Rafael Villaseca, MBA del 76.Rafael tiene una larga y exitosa trayectoria profesional desde INISEL( hoy INDRA), T\u00fanel del Cad\u00ed, Presidente de T\u00faneles y Accesos de Barcelona, CEO de Nueva Monta\u00f1a Quijano, Consejero Director general de Panrico , etc y desde hace ya algunos a\u00f1os, CEO de Gas Natural Fenosa.Presidi\u00f3 tambi\u00e9n la Asociaci\u00f3n de Antiguos Alumnos del IESE y tiene diversos cargos institucionales y reconocimientos.<br \/>\nYa en la comida con los alumnos nos di\u00f3 una lecci\u00f3n magistral del sector energ\u00e9tico y su futuro.En su ponencia en clase, explic\u00f3 la exitosa fusi\u00f3n con Uni\u00f3n Fenosa, que \u00e9l lider\u00f3, y luego se centr\u00f3 en su estilo de direcci\u00f3n, muy participativo.Por las caracter\u00edsticas del sector, muy regulado en todo el mundo, dedica bastante tiempo a los contactos con los gobiernos .Pasa la mayor parte de la semana entre Madrid y Barcelona, y tambi\u00e9n viaja a muchos pa\u00edses donde Gas Natural tiene implantaci\u00f3n.Es un trabajador nato, dedica muchas horas a la empresa y domina perfectamente todas las \u00e1reas del negocio.Se rodea de un equipo que le complementa, y aunque conoce muy bien la empresa, delega y d\u00e1 autonom\u00eda a su equipo.<\/p>\n","protected":false},"excerpt":{"rendered":"<p>Esta semana la iniciamos con la ponencia de Rafael Villaseca, MBA del 76.Rafael tiene una larga y exitosa trayectoria profesional desde INISEL( hoy INDRA), T\u00fanel del Cad\u00ed, Presidente de T\u00faneles y Accesos de Barcelona, CEO de Nueva Monta\u00f1a Quijano, Consejero Director general de Panrico , etc y desde hace ya algunos a\u00f1os, CEO de Gas [&hellip;]<\/p>\n","protected":false},"author":417,"featured_media":0,"comment_status":"open","ping_status":"open","sticky":false,"template":"","format":"standard","meta":{"footnotes":""},"categories":[14429],"tags":[],"class_list":["post-337","post","type-post","status-publish","format-standard","hentry","category-direccion-general"],"_links":{"self":[{"href":"https:\/\/blog.iese.edu\/estilosdedireccion\/wp-json\/wp\/v2\/posts\/337","targetHints":{"allow":["GET"]}}],"collection":[{"href":"https:\/\/blog.iese.edu\/estilosdedireccion\/wp-json\/wp\/v2\/posts"}],"about":[{"href":"https:\/\/blog.iese.edu\/estilosdedireccion\/wp-json\/wp\/v2\/types\/post"}],"author":[{"embeddable":true,"href":"https:\/\/blog.iese.edu\/estilosdedireccion\/wp-json\/wp\/v2\/users\/417"}],"replies":[{"embeddable":true,"href":"https:\/\/blog.iese.edu\/estilosdedireccion\/wp-json\/wp\/v2\/comments?post=337"}],"version-history":[{"count":1,"href":"https:\/\/blog.iese.edu\/estilosdedireccion\/wp-json\/wp\/v2\/posts\/337\/revisions"}],"predecessor-version":[{"id":338,"href":"https:\/\/blog.iese.edu\/estilosdedireccion\/wp-json\/wp\/v2\/posts\/337\/revisions\/338"}],"wp:attachment":[{"href":"https:\/\/blog.iese.edu\/estilosdedireccion\/wp-json\/wp\/v2\/media?parent=337"}],"wp:term":[{"taxonomy":"category","embeddable":true,"href":"https:\/\/blog.iese.edu\/estilosdedireccion\/wp-json\/wp\/v2\/categories?post=337"},{"taxonomy":"post_tag","embeddable":true,"href":"https:\/\/blog.iese.edu\/estilosdedireccion\/wp-json\/wp\/v2\/tags?post=337"}],"curies":[{"name":"wp","href":"https:\/\/api.w.org\/{rel}","templated":true}]}}