{"id":402,"date":"2012-07-24T10:07:49","date_gmt":"2012-07-24T09:07:49","guid":{"rendered":"https:\/\/blog.iese.edu\/estilosdedireccion\/?p=402"},"modified":"2012-11-22T16:29:15","modified_gmt":"2012-11-22T15:29:15","slug":"xvii-encuentro-de-alimentacion-y-bebidas","status":"publish","type":"post","link":"https:\/\/blog.iese.edu\/estilosdedireccion\/2012\/07\/24\/xvii-encuentro-de-alimentacion-y-bebidas\/","title":{"rendered":"XVII Encuentro de Alimentaci\u00f3n y Bebidas"},"content":{"rendered":"<p>Ayer estudi\u00e1bamos las conclusiones del <strong>XVI Encuentro de Alimentaci\u00f3n<\/strong> celebrado en Barcelona el pasado 5 de junio y los participantes, tanto ponentes como asistentes, manifestaron un alto nivel de satisfacci\u00f3n, por la calidad de las ponencias y los conocimientos adquiridos de las empresas que crecen a pesar de la recesi\u00f3n, y el broche final con la concesi\u00f3n de<em>l Food and Beverage Global Award<\/em> de D.Roberto Servitje, presidente y fundador del Grupo Bimbo, l\u00edder mundial en panificadoras. Su ponencia sobre \u00a8la empresa con alma\u00a8 fue magistral y emotiva.<\/p>\n<p>Inmediatamente, nos pusimos a trabajar en la XVII edici\u00f3n que se celebrar\u00e1 en el IESE de Barcelona el 4 de junio de 2013. El enfoque ser\u00e1 eminentemente pr\u00e1ctico, c\u00f3mo vender en los 5 continentes, con ejemplos de compa\u00f1\u00edas espa\u00f1olas con negocios en todo el mundo, y con datos e indicaciones para orientar y llevar de la mano a las pymes y todo tipo de empresas a internacionalizarse.<\/p>\n<p>El sector de alimentaci\u00f3n es uno de los motores de la econom\u00eda espa\u00f1ola, que aguanta la crisis mejor que otros sectores, gracias a la buena gesti\u00f3n de las empresas y a los esfuerzos por la innovaci\u00f3n y la internacionalizaci\u00f3n.\u00a0S\u00f3lo las empresas nos sacar\u00e1n de la crisis, y el sector agroalimentario lo har\u00e1 antes que nadie.\u00a0En el XVII Encuentro vamos a colaborar estrechamente con las empresas para que puedan abordar los mercados exteriores.<\/p>\n","protected":false},"excerpt":{"rendered":"<p>Ayer estudi\u00e1bamos las conclusiones del XVI Encuentro de Alimentaci\u00f3n celebrado en Barcelona el pasado 5 de junio y los participantes, tanto ponentes como asistentes, manifestaron un alto nivel de satisfacci\u00f3n, por la calidad de las ponencias y los conocimientos adquiridos de las empresas que crecen a pesar de la recesi\u00f3n, y el broche final con [&hellip;]<\/p>\n","protected":false},"author":417,"featured_media":0,"comment_status":"open","ping_status":"open","sticky":false,"template":"","format":"standard","meta":{"footnotes":""},"categories":[14429],"tags":[],"class_list":["post-402","post","type-post","status-publish","format-standard","hentry","category-direccion-general"],"_links":{"self":[{"href":"https:\/\/blog.iese.edu\/estilosdedireccion\/wp-json\/wp\/v2\/posts\/402","targetHints":{"allow":["GET"]}}],"collection":[{"href":"https:\/\/blog.iese.edu\/estilosdedireccion\/wp-json\/wp\/v2\/posts"}],"about":[{"href":"https:\/\/blog.iese.edu\/estilosdedireccion\/wp-json\/wp\/v2\/types\/post"}],"author":[{"embeddable":true,"href":"https:\/\/blog.iese.edu\/estilosdedireccion\/wp-json\/wp\/v2\/users\/417"}],"replies":[{"embeddable":true,"href":"https:\/\/blog.iese.edu\/estilosdedireccion\/wp-json\/wp\/v2\/comments?post=402"}],"version-history":[{"count":4,"href":"https:\/\/blog.iese.edu\/estilosdedireccion\/wp-json\/wp\/v2\/posts\/402\/revisions"}],"predecessor-version":[{"id":475,"href":"https:\/\/blog.iese.edu\/estilosdedireccion\/wp-json\/wp\/v2\/posts\/402\/revisions\/475"}],"wp:attachment":[{"href":"https:\/\/blog.iese.edu\/estilosdedireccion\/wp-json\/wp\/v2\/media?parent=402"}],"wp:term":[{"taxonomy":"category","embeddable":true,"href":"https:\/\/blog.iese.edu\/estilosdedireccion\/wp-json\/wp\/v2\/categories?post=402"},{"taxonomy":"post_tag","embeddable":true,"href":"https:\/\/blog.iese.edu\/estilosdedireccion\/wp-json\/wp\/v2\/tags?post=402"}],"curies":[{"name":"wp","href":"https:\/\/api.w.org\/{rel}","templated":true}]}}