{"id":1006,"date":"2012-12-25T13:00:41","date_gmt":"2012-12-25T12:00:41","guid":{"rendered":"https:\/\/blog.iese.edu\/eticaempresarial\/?p=1006"},"modified":"2013-01-07T16:07:47","modified_gmt":"2013-01-07T15:07:47","slug":"navidad-una-mensaje-grande-tambien-para-los-no-creyentes","status":"publish","type":"post","link":"https:\/\/blog.iese.edu\/eticaempresarial\/2012\/12\/25\/navidad-una-mensaje-grande-tambien-para-los-no-creyentes\/","title":{"rendered":"Navidad: una mensaje grande, tambi\u00e9n para los no creyentes"},"content":{"rendered":"<p style=\"text-align: justify;\"><a href=\"https:\/\/blog.iese.edu\/eticaempresarial\/files\/2012\/12\/image0011.jpg\"><img loading=\"lazy\" decoding=\"async\" class=\"alignleft size-medium wp-image-1008\" src=\"https:\/\/blog.iese.edu\/eticaempresarial\/files\/2012\/12\/image0011-300x196.jpg\" alt=\"\" width=\"300\" height=\"196\" srcset=\"https:\/\/blog.iese.edu\/eticaempresarial\/files\/2012\/12\/image0011-300x196.jpg 300w, https:\/\/blog.iese.edu\/eticaempresarial\/files\/2012\/12\/image0011-458x300.jpg 458w, https:\/\/blog.iese.edu\/eticaempresarial\/files\/2012\/12\/image0011.jpg 513w\" sizes=\"auto, (max-width: 300px) 100vw, 300px\" \/><\/a>La publicaci\u00f3n semanal de esta entrada coincide con la solemnidad de Navidad. Una fiesta ampliamente compartida en pa\u00edses con ra\u00edces culturales cristianas y aun en otros pa\u00edses que, de alg\u00fan modo, quieren unirse a una fiestas que se cuenta entre las m\u00e1s celebradas del mundo.<\/p>\n<p style=\"text-align: justify;\">Los cristianos celebramos el nacimiento de Jes\u00fas y, en \u00faltimo t\u00e9rmino, la <strong>Encarnaci\u00f3n del Verbo de Dios<\/strong>, la Segunda Persona de la Trinidad de Dios. La Navidad significa la plenitud de los tiempos. Dios que ya se hab\u00eda revelado al hombre a trav\u00e9s de la creaci\u00f3n y, al Pueblo elegido, por medio de\u00a0diversos profetas, se ha manifestado en Cristo. La Encarnaci\u00f3n es acontecimiento \u00fanico y totalmente singular. Un misterio de fe que encierra una riqueza tan grande que apenas podemos vislumbrar: Jesucristo, verdadero Dios que, sin dejar de serlo, se hace verdadero hombre.<\/p>\n<p style=\"text-align: justify;\">Cuando los te\u00f3logos buscan motivos a la Encarnaci\u00f3n del Verbo, b\u00e1sicamente encuentran cuatro:<\/p>\n<ul style=\"text-align: justify;\">\n<li><strong>Salvarnos<\/strong>, mediante la redenci\u00f3n de nuestros pecados, que conlleva la reconciliaci\u00f3n con Dios.<\/li>\n<li>Darnos a conocer <strong>el amor que Dios nos tiene<\/strong>, hasta el punto de asumir la condici\u00f3n humana para que vivamos por medio de Jesucristo.<\/li>\n<li>Conceder a los hombres poder ser <strong>hijos de Dios<\/strong>, por la uni\u00f3n con Jesucristo, participando as\u00ed de la divinidad, y haci\u00e9ndoles merecedores de la Vida Eterna.<\/li>\n<li>Presentarnos a Jesucristo como camino para llegar a Dios, como el <strong>modelo de conducta<\/strong> a seguir.<\/li>\n<\/ul>\n<p style=\"text-align: justify;\">Pero, \u00bfpueden los no creyentes encontrar alg\u00fan mensaje en la Navidad? Efectivamente. Quienes, a\u00fan sin la fe cristiana, tiene buena disposici\u00f3n para buscar la verdad y hacer el bien, pueden encontrar en la Navidad varios mensajes. Entre ellos, los siguientes:<\/p>\n<ul style=\"text-align: justify;\">\n<li>Descubrir que lo que los cristianos celebran, <strong>invita a reflexionar<\/strong>, y plantearse preguntas como \u00e9sta: \u00bfY si fuera cierto que Dios no solamente existe sino que se ha hecho muy cercano a los hombres manifestando hasta el extremo su amor, misericordia y voluntad de salvaci\u00f3n?<\/li>\n<li>Por otra parte, la Navidad invita a revisar los propios<strong> valores<\/strong> <strong>y prioridades<\/strong>. En un <a href=\"http:\/\/www.ft.com\/intl\/cms\/s\/0\/099d055e-4937-11e2-9225-00144feab49a.html\">art\u00edculo<\/a> publicado hace hace pocos d\u00edas por Benedicto XVI en el <em>Financial Times<\/em> se\u00f1alaba: \u201cEl nacimiento de Cristo nos desaf\u00eda a repensar nuestras prioridades, nuestros valores, nuestro mismo modo de vivir.\u201d La invitaci\u00f3n lleva a contrastar el propio modo de pensar con los valores del Evangelio y, preguntarse: \u00bfson mis propios valores tan elevados como los valores de amor, justicia, verdad y libertad propuestos por Jesucristo?<\/li>\n<li>La Navidad invita tambi\u00e9n considerar el valor de las personas. Que Dios se haga hombre para salvar a todos, manifiesta la inconmensurable <strong>dignidad humana<\/strong>, el valor de cada ser humano, sea quien sea. Esto lleva a los cristianos, en colaboraci\u00f3n con otros, a respetar y promover los derechos humanos y a ser sensibles y remediar situaciones de pobreza, de falta de respeto a la vida humana y cualquier ultraje a tal dignidad.<\/li>\n<li>La Navidad hace intuir a muchos que trae un mensaje de <strong>paz<\/strong> y <strong>alegr\u00eda<\/strong>. Est\u00e1n en lo cierto. Para los cristianos es una paz y alegr\u00eda con fundamento. Jes\u00fas, el Mes\u00edas prometido por los profetas, es \u201cPr\u00edncipe de la Paz\u201d. El trae la paz al alma por la reconciliaci\u00f3n con Dios e invita a trabajar por la paz exterior, como fruto de la justicia. La participaci\u00f3n en la filiaci\u00f3n divina y la esperanza de herencia de la Vida eterna proporciona serenidad y alegr\u00eda. Serenidad y alegr\u00eda que van m\u00e1s all\u00e1 de las conocidas visiones materialistas y de la ausencia vital de Dios de la vida de tantos.<\/li>\n<li>Por \u00faltimo, pero no menos importante, la Encarnaci\u00f3n del Verbo manifiesta el <strong>valor divino de lo humano<\/strong>. Motivo que invita a los no creyentes a comprender que los cristianos no son ajenos a nada humano y trabajan, y quieren trabajar, con todas las personas de bien para lograr un mundo mejor. Como se\u00f1alaba el Papa actual, en el art\u00edculo citado, \u00abes en el Evangelio donde los cristianos encuentran inspiraci\u00f3n para toda su vida cotidiana y para su participaci\u00f3n en los asuntos del mundo \u2013sea que esto suceda en el Parlamento o en la Bolsa\u2013. Los cristianos no deben escapar del mundo; por lo contrario, deben comprometerse en \u00e9l.\u00bb<\/li>\n<\/ul>\n<p style=\"text-align: justify;\">\u00a0Lo dicho, la Navidad trae una mensaje grande para quienes tienen fe en Jesucristo, Dios y hombre verdadero, pero tambi\u00e9n un gran mensaje para los no creyentes, con tal que quieran escucharlo.<\/p>\n<p style=\"text-align: justify;\">\n","protected":false},"excerpt":{"rendered":"<p>La publicaci\u00f3n semanal de esta entrada coincide con la solemnidad de Navidad. Una fiesta ampliamente compartida en pa\u00edses con ra\u00edces culturales cristianas y aun en otros pa\u00edses que, de alg\u00fan modo, quieren unirse a una fiestas que se cuenta entre las m\u00e1s celebradas del mundo. Los cristianos celebramos el nacimiento de Jes\u00fas y, en \u00faltimo [&hellip;]<\/p>\n","protected":false},"author":199,"featured_media":1008,"comment_status":"open","ping_status":"open","sticky":false,"template":"","format":"standard","meta":{"_acf_changed":false,"footnotes":""},"categories":[73343,12826],"tags":[11326,11325],"class_list":["post-1006","post","type-post","status-publish","format-standard","has-post-thumbnail","hentry","category-humanismo-cristiano","category-etica-social","tag-benedicto-xvi","tag-navidad"],"acf":[],"aioseo_notices":[],"_links":{"self":[{"href":"https:\/\/blog.iese.edu\/eticaempresarial\/wp-json\/wp\/v2\/posts\/1006","targetHints":{"allow":["GET"]}}],"collection":[{"href":"https:\/\/blog.iese.edu\/eticaempresarial\/wp-json\/wp\/v2\/posts"}],"about":[{"href":"https:\/\/blog.iese.edu\/eticaempresarial\/wp-json\/wp\/v2\/types\/post"}],"author":[{"embeddable":true,"href":"https:\/\/blog.iese.edu\/eticaempresarial\/wp-json\/wp\/v2\/users\/199"}],"replies":[{"embeddable":true,"href":"https:\/\/blog.iese.edu\/eticaempresarial\/wp-json\/wp\/v2\/comments?post=1006"}],"version-history":[{"count":5,"href":"https:\/\/blog.iese.edu\/eticaempresarial\/wp-json\/wp\/v2\/posts\/1006\/revisions"}],"predecessor-version":[{"id":1010,"href":"https:\/\/blog.iese.edu\/eticaempresarial\/wp-json\/wp\/v2\/posts\/1006\/revisions\/1010"}],"wp:featuredmedia":[{"embeddable":true,"href":"https:\/\/blog.iese.edu\/eticaempresarial\/wp-json\/wp\/v2\/media\/1008"}],"wp:attachment":[{"href":"https:\/\/blog.iese.edu\/eticaempresarial\/wp-json\/wp\/v2\/media?parent=1006"}],"wp:term":[{"taxonomy":"category","embeddable":true,"href":"https:\/\/blog.iese.edu\/eticaempresarial\/wp-json\/wp\/v2\/categories?post=1006"},{"taxonomy":"post_tag","embeddable":true,"href":"https:\/\/blog.iese.edu\/eticaempresarial\/wp-json\/wp\/v2\/tags?post=1006"}],"curies":[{"name":"wp","href":"https:\/\/api.w.org\/{rel}","templated":true}]}}