{"id":34,"date":"2025-09-19T17:06:50","date_gmt":"2025-09-19T15:06:50","guid":{"rendered":"https:\/\/blog.iese.edu\/intrapreneurship-verbideas\/?p=34"},"modified":"2025-10-06T17:33:49","modified_gmt":"2025-10-06T15:33:49","slug":"a-system-for-intrapreneurship","status":"publish","type":"post","link":"https:\/\/blog.iese.edu\/intrapreneurship-verbideas\/2025\/a-system-for-intrapreneurship\/","title":{"rendered":"A system for intrapreneurship &#8211; Un sistema para el intraemprendimiento"},"content":{"rendered":"<p>It has also learned from entrepreneurs such as Michele Ferrero and Francisco Riberas. From the former, the vision as the engine of value creation; from the latter, the governance of people\u2019s entrepreneurial action; and from both, the commitment to people and innovation.<\/p>\n<p>Tambi\u00e9n ha aprendido de empresarios como Michele Ferrero y Francisco Riberas . Del primero la visi\u00f3n como motor de la creaci\u00f3n de valor , del segundo el gobierno de la acci\u00f3n emprendedora de las personas , de ambos el compromiso con las personas y la innovaci\u00f3n .<\/p>\n<p>&nbsp;<\/p>\n<p><img loading=\"lazy\" decoding=\"async\" class=\"aligncenter wp-image-37 size-full\" src=\"https:\/\/blog.iese.edu\/intrapreneurship-verbideas\/files\/2025\/09\/0ca596ec-1c78-475f-9026-bf10127f5c60.jpg\" alt=\"\" width=\"1170\" height=\"765\" srcset=\"https:\/\/blog.iese.edu\/intrapreneurship-verbideas\/files\/2025\/09\/0ca596ec-1c78-475f-9026-bf10127f5c60.jpg 1170w, https:\/\/blog.iese.edu\/intrapreneurship-verbideas\/files\/2025\/09\/0ca596ec-1c78-475f-9026-bf10127f5c60-300x196.jpg 300w, https:\/\/blog.iese.edu\/intrapreneurship-verbideas\/files\/2025\/09\/0ca596ec-1c78-475f-9026-bf10127f5c60-1024x670.jpg 1024w, https:\/\/blog.iese.edu\/intrapreneurship-verbideas\/files\/2025\/09\/0ca596ec-1c78-475f-9026-bf10127f5c60-768x502.jpg 768w, https:\/\/blog.iese.edu\/intrapreneurship-verbideas\/files\/2025\/09\/0ca596ec-1c78-475f-9026-bf10127f5c60-500x327.jpg 500w\" sizes=\"auto, (max-width: 1170px) 100vw, 1170px\" \/><\/p>\n","protected":false},"excerpt":{"rendered":"<p>It has also learned from entrepreneurs such as Michele Ferrero and Francisco Riberas. From the former, the vision as the engine of value creation; from the latter, the governance of people\u2019s entrepreneurial action; and from both, the commitment to people and innovation. Tambi\u00e9n ha aprendido de empresarios como Michele Ferrero y Francisco Riberas . Del [&hellip;]<\/p>\n","protected":false},"author":2455,"featured_media":0,"comment_status":"closed","ping_status":"closed","sticky":false,"template":"","format":"image","meta":{"footnotes":""},"categories":[1],"tags":[],"class_list":["post-34","post","type-post","status-publish","format-image","hentry","category-uncategorized","post_format-post-format-image"],"aioseo_notices":[],"_links":{"self":[{"href":"https:\/\/blog.iese.edu\/intrapreneurship-verbideas\/wp-json\/wp\/v2\/posts\/34","targetHints":{"allow":["GET"]}}],"collection":[{"href":"https:\/\/blog.iese.edu\/intrapreneurship-verbideas\/wp-json\/wp\/v2\/posts"}],"about":[{"href":"https:\/\/blog.iese.edu\/intrapreneurship-verbideas\/wp-json\/wp\/v2\/types\/post"}],"author":[{"embeddable":true,"href":"https:\/\/blog.iese.edu\/intrapreneurship-verbideas\/wp-json\/wp\/v2\/users\/2455"}],"replies":[{"embeddable":true,"href":"https:\/\/blog.iese.edu\/intrapreneurship-verbideas\/wp-json\/wp\/v2\/comments?post=34"}],"version-history":[{"count":9,"href":"https:\/\/blog.iese.edu\/intrapreneurship-verbideas\/wp-json\/wp\/v2\/posts\/34\/revisions"}],"predecessor-version":[{"id":160,"href":"https:\/\/blog.iese.edu\/intrapreneurship-verbideas\/wp-json\/wp\/v2\/posts\/34\/revisions\/160"}],"wp:attachment":[{"href":"https:\/\/blog.iese.edu\/intrapreneurship-verbideas\/wp-json\/wp\/v2\/media?parent=34"}],"wp:term":[{"taxonomy":"category","embeddable":true,"href":"https:\/\/blog.iese.edu\/intrapreneurship-verbideas\/wp-json\/wp\/v2\/categories?post=34"},{"taxonomy":"post_tag","embeddable":true,"href":"https:\/\/blog.iese.edu\/intrapreneurship-verbideas\/wp-json\/wp\/v2\/tags?post=34"}],"curies":[{"name":"wp","href":"https:\/\/api.w.org\/{rel}","templated":true}]}}