{"id":39,"date":"2025-09-19T17:11:20","date_gmt":"2025-09-19T15:11:20","guid":{"rendered":"https:\/\/blog.iese.edu\/intrapreneurship-verbideas\/?p=39"},"modified":"2025-10-06T17:33:57","modified_gmt":"2025-10-06T15:33:57","slug":"leonardo-da-vinci-verbideas","status":"publish","type":"post","link":"https:\/\/blog.iese.edu\/intrapreneurship-verbideas\/2025\/leonardo-da-vinci-verbideas\/","title":{"rendered":"Leonardo da Vinci"},"content":{"rendered":"<p>Leonardo da Vinci, \u201cthe proof,\u201d and Verbideas\u2019 metaphor left his interpretation of the inner creative movement in the Portrait of the Musician.<\/p>\n<p>Leonardo de Vinci , &#8220;la prueba&#8221; y met\u00e1fora de Verbideas , dej\u00f3 su interpretaci\u00f3n del movimiento interior creativo en el Retrato del m\u00fasico .<\/p>\n<p>&nbsp;<\/p>\n<p><img loading=\"lazy\" decoding=\"async\" class=\"aligncenter wp-image-42 size-full\" src=\"https:\/\/blog.iese.edu\/intrapreneurship-verbideas\/files\/2025\/09\/26ab4260-50ba-4c6b-9293-897b2c44c917.jpg\" alt=\"\" width=\"1170\" height=\"673\" srcset=\"https:\/\/blog.iese.edu\/intrapreneurship-verbideas\/files\/2025\/09\/26ab4260-50ba-4c6b-9293-897b2c44c917.jpg 1170w, https:\/\/blog.iese.edu\/intrapreneurship-verbideas\/files\/2025\/09\/26ab4260-50ba-4c6b-9293-897b2c44c917-300x173.jpg 300w, https:\/\/blog.iese.edu\/intrapreneurship-verbideas\/files\/2025\/09\/26ab4260-50ba-4c6b-9293-897b2c44c917-1024x589.jpg 1024w, https:\/\/blog.iese.edu\/intrapreneurship-verbideas\/files\/2025\/09\/26ab4260-50ba-4c6b-9293-897b2c44c917-768x442.jpg 768w, https:\/\/blog.iese.edu\/intrapreneurship-verbideas\/files\/2025\/09\/26ab4260-50ba-4c6b-9293-897b2c44c917-500x288.jpg 500w\" sizes=\"auto, (max-width: 1170px) 100vw, 1170px\" \/><\/p>\n","protected":false},"excerpt":{"rendered":"<p>Leonardo da Vinci, \u201cthe proof,\u201d and Verbideas\u2019 metaphor left his interpretation of the inner creative movement in the Portrait of the Musician. Leonardo de Vinci , &#8220;la prueba&#8221; y met\u00e1fora de Verbideas , dej\u00f3 su interpretaci\u00f3n del movimiento interior creativo en el Retrato del m\u00fasico . &nbsp;<\/p>\n","protected":false},"author":2455,"featured_media":0,"comment_status":"closed","ping_status":"closed","sticky":false,"template":"","format":"image","meta":{"footnotes":""},"categories":[1],"tags":[],"class_list":["post-39","post","type-post","status-publish","format-image","hentry","category-uncategorized","post_format-post-format-image"],"aioseo_notices":[],"_links":{"self":[{"href":"https:\/\/blog.iese.edu\/intrapreneurship-verbideas\/wp-json\/wp\/v2\/posts\/39","targetHints":{"allow":["GET"]}}],"collection":[{"href":"https:\/\/blog.iese.edu\/intrapreneurship-verbideas\/wp-json\/wp\/v2\/posts"}],"about":[{"href":"https:\/\/blog.iese.edu\/intrapreneurship-verbideas\/wp-json\/wp\/v2\/types\/post"}],"author":[{"embeddable":true,"href":"https:\/\/blog.iese.edu\/intrapreneurship-verbideas\/wp-json\/wp\/v2\/users\/2455"}],"replies":[{"embeddable":true,"href":"https:\/\/blog.iese.edu\/intrapreneurship-verbideas\/wp-json\/wp\/v2\/comments?post=39"}],"version-history":[{"count":7,"href":"https:\/\/blog.iese.edu\/intrapreneurship-verbideas\/wp-json\/wp\/v2\/posts\/39\/revisions"}],"predecessor-version":[{"id":161,"href":"https:\/\/blog.iese.edu\/intrapreneurship-verbideas\/wp-json\/wp\/v2\/posts\/39\/revisions\/161"}],"wp:attachment":[{"href":"https:\/\/blog.iese.edu\/intrapreneurship-verbideas\/wp-json\/wp\/v2\/media?parent=39"}],"wp:term":[{"taxonomy":"category","embeddable":true,"href":"https:\/\/blog.iese.edu\/intrapreneurship-verbideas\/wp-json\/wp\/v2\/categories?post=39"},{"taxonomy":"post_tag","embeddable":true,"href":"https:\/\/blog.iese.edu\/intrapreneurship-verbideas\/wp-json\/wp\/v2\/tags?post=39"}],"curies":[{"name":"wp","href":"https:\/\/api.w.org\/{rel}","templated":true}]}}