{"id":3980,"date":"2017-04-26T10:19:30","date_gmt":"2017-04-26T09:19:30","guid":{"rendered":"https:\/\/blog.iese.edu\/martinezabascal\/?p=3980"},"modified":"2017-04-26T11:15:22","modified_gmt":"2017-04-26T10:15:22","slug":"sentimiento-europeo-2-alemania-y-reino-unido","status":"publish","type":"post","link":"https:\/\/blog.iese.edu\/martinezabascal\/2017\/04\/26\/sentimiento-europeo-2-alemania-y-reino-unido\/","title":{"rendered":"Sentimiento europeo (2): Alemania y Reino Unido"},"content":{"rendered":"<p>En <a href=\"https:\/\/blog.iese.edu\/martinezabascal\/2017\/04\/19\/sentimiento-europeo-1-espana\/\">post<\/a> de la semana pasada\u00a0habl\u00e9 sobre el <strong>entusiasmo proeuropeo en Espa\u00f1a<\/strong> durante el <em>boom<\/em> econ\u00f3mico (2000\u00a0a 2007) y de su deterioro a partir de la Gran Recesi\u00f3n de 2008\u00a0a 2013. Ahora comentar\u00e9 <strong>el caso de Alemania y Reino Unido<\/strong>.<\/p>\n<p>Utilizo los datos que nos proporciona el <strong>bar\u00f3metro semestral de la Comisi\u00f3n Europea<\/strong>. La cifra que tomo para evaluar el mayor o menor sentimiento europeo es la diferencia (<em>gap<\/em>) entre los que se declaran a favor y en contra de la Uni\u00f3n Europea. Por ejemplo, <strong>en 2007 en Alemania, los favorables a la UE superaban a los detractores en un 40% de la poblaci\u00f3n<\/strong>. En el gr\u00e1fico adjunto se muestra la evoluci\u00f3n de ese <em>gap<\/em>, en Espa\u00f1a, Alemania y Reino Unido.<\/p>\n<p>Recuerdo que el bar\u00f3metro comienza sus datos en 2000\u00a0y que,\u00a0como todas las encuestas de opini\u00f3n, da resultados muy cambiantes ante cualquier evento acaecido en el momento de realizar la encuesta: mide el sentimiento a favor o en contra\u2026 y los sentimientos son muy cambiantes.<\/p>\n<p><img loading=\"lazy\" decoding=\"async\" class=\"aligncenter size-full wp-image-3973\" src=\"https:\/\/blog.iese.edu\/martinezabascal\/files\/2017\/04\/Sentimiento-a-favor-de-la-Uni\u00f3n-Europea.jpg\" alt=\"Sentimiento a favor de la Uni\u00f3n Europea.\" width=\"983\" height=\"639\" srcset=\"https:\/\/blog.iese.edu\/martinezabascal\/files\/2017\/04\/Sentimiento-a-favor-de-la-Uni\u00f3n-Europea.jpg 983w, https:\/\/blog.iese.edu\/martinezabascal\/files\/2017\/04\/Sentimiento-a-favor-de-la-Uni\u00f3n-Europea-300x195.jpg 300w, https:\/\/blog.iese.edu\/martinezabascal\/files\/2017\/04\/Sentimiento-a-favor-de-la-Uni\u00f3n-Europea-768x499.jpg 768w, https:\/\/blog.iese.edu\/martinezabascal\/files\/2017\/04\/Sentimiento-a-favor-de-la-Uni\u00f3n-Europea-500x325.jpg 500w\" sizes=\"auto, (max-width: 983px) 100vw, 983px\" \/><\/p>\n<p>&nbsp;<\/p>\n<h2><strong>Sentimiento proeuropeo\u00a0en Alemania<\/strong><\/h2>\n<ul>\n<li>El entusiasmo proeuropeo <strong>en Alemania es menor que en el caso de Espa\u00f1a<\/strong>. La diferencia entre partidarios y contrarios se mueve entre el 20% y el 40%. Esto es normal en caso de uniones: <strong>el socio pobre es m\u00e1s entusiasta y el rico m\u00e1s esc\u00e9ptico<\/strong>.<\/li>\n<li><strong>Cuando llega la crisis el entusiasmo cae, pero cae menos que en Espa\u00f1a\u2026 y siempre est\u00e1 en positivo<\/strong>: los favorables superan a los detractores en 10 puntos porcentuales (pp).<\/li>\n<li>Tres posibles razones para explicar este comportamiento \u201cm\u00e1s moderado\u201d de los alemanes frente al de los\u00a0espa\u00f1oles:\n<ul>\n<li>La crisis en Alemania no ha sido tan dura.<\/li>\n<li>Los alemanes son conscientes de los beneficios que el euro les trae.<\/li>\n<li>Y adem\u00e1s son menos pasionales (y m\u00e1s racionales).<\/li>\n<\/ul>\n<\/li>\n<\/ul>\n<ul>\n<li><strong>En 2016, la UE tiene el m\u00ednimo apoyo en Alemania<\/strong> (el <em>gap<\/em> es 0), quiz\u00e1 por el efecto de la <strong>crisis de los refugiado<\/strong>s.<\/li>\n<li>En la \u00faltima medici\u00f3n (oto\u00f1o 2016) el <em>gap<\/em> a favor de la UE llega casi al 20% (moderado).<\/li>\n<li><strong>Este patr\u00f3n\u00a0de sentimiento se produce, casi igual, en Francia, Holanda y tambi\u00e9n en el promedio de la UE<\/strong> y es muy diferente al que se produce en Espa\u00f1a, Italia, Portugal y Grecia.<\/li>\n<\/ul>\n<h2><strong>Reino Unido<\/strong><\/h2>\n<ul>\n<li><strong>Reino Unido\u00a0va por libre<\/strong> en lo que a sentimiento proeuropeo se refiere. <strong>Casi siempre en estos 16 a\u00f1os estudiados, los contrarios a la UE han superado a los partidarios<\/strong>; si bien por poco margen, en torno a un 10%.<\/li>\n<li>Obviamente, como en el resto de pa\u00edses, la crisis dio alas a <strong>los contrarios a la UE que llegaron a superar a los proeuropeos en casi un 40%<\/strong>.<\/li>\n<li><strong>Con estos datos, el <em>brexit<\/em> no es tanta sorpresa. Es la realidad que algunos (al menos yo) desconoc\u00edamos. <\/strong><\/li>\n<li><strong>En los dos \u00faltimos a\u00f1os medidos (2015 a oto\u00f1o de 2016) la cosa est\u00e1 en tablas<\/strong>, con partidarios y contrario de la UE en empate. Incluso ha habido un peque\u00f1o repunte a favor de la\u00a0EU despu\u00e9s del refer\u00e9ndum del\u00a0<em>brexit<\/em>.<\/li>\n<\/ul>\n<h2><strong>Tres conclusiones<\/strong><\/h2>\n<ol>\n<li>En lo que refiere a sentimiento proeuropeo, Alemania es m\u00e1s representativa de toda la UE que los pa\u00edses del sur.<\/li>\n<li>El sentimiento proeuropeo es aceptable, sin ser entusiasta ni s\u00faper mayoritario.<\/li>\n<li>El caso <strong>Reino Unido: con los datos en la mano, el <em>brexit<\/em>\u00a0se ve\u00eda venir\u2026 pero quiz\u00e1 no vimos los datos<\/strong>.<\/li>\n<\/ol>\n","protected":false},"excerpt":{"rendered":"<p>En post de la semana pasada\u00a0habl\u00e9 sobre el entusiasmo proeuropeo en Espa\u00f1a durante el boom econ\u00f3mico (2000\u00a0a 2007) y de su deterioro a partir de la Gran Recesi\u00f3n de 2008\u00a0a 2013. Ahora comentar\u00e9 el caso de Alemania y Reino Unido. Utilizo los datos que nos proporciona el bar\u00f3metro semestral de la Comisi\u00f3n Europea. La cifra [&hellip;]<\/p>\n","protected":false},"author":166,"featured_media":0,"comment_status":"open","ping_status":"open","sticky":false,"template":"","format":"standard","meta":{"footnotes":""},"categories":[26215],"tags":[10607,95110,28210,23263],"class_list":["post-3980","post","type-post","status-publish","format-standard","hentry","category-europa-y-el-euro","tag-alemania","tag-brexit","tag-reino-unido","tag-ue"],"aioseo_notices":[],"_links":{"self":[{"href":"https:\/\/blog.iese.edu\/martinezabascal\/wp-json\/wp\/v2\/posts\/3980","targetHints":{"allow":["GET"]}}],"collection":[{"href":"https:\/\/blog.iese.edu\/martinezabascal\/wp-json\/wp\/v2\/posts"}],"about":[{"href":"https:\/\/blog.iese.edu\/martinezabascal\/wp-json\/wp\/v2\/types\/post"}],"author":[{"embeddable":true,"href":"https:\/\/blog.iese.edu\/martinezabascal\/wp-json\/wp\/v2\/users\/166"}],"replies":[{"embeddable":true,"href":"https:\/\/blog.iese.edu\/martinezabascal\/wp-json\/wp\/v2\/comments?post=3980"}],"version-history":[{"count":3,"href":"https:\/\/blog.iese.edu\/martinezabascal\/wp-json\/wp\/v2\/posts\/3980\/revisions"}],"predecessor-version":[{"id":3985,"href":"https:\/\/blog.iese.edu\/martinezabascal\/wp-json\/wp\/v2\/posts\/3980\/revisions\/3985"}],"wp:attachment":[{"href":"https:\/\/blog.iese.edu\/martinezabascal\/wp-json\/wp\/v2\/media?parent=3980"}],"wp:term":[{"taxonomy":"category","embeddable":true,"href":"https:\/\/blog.iese.edu\/martinezabascal\/wp-json\/wp\/v2\/categories?post=3980"},{"taxonomy":"post_tag","embeddable":true,"href":"https:\/\/blog.iese.edu\/martinezabascal\/wp-json\/wp\/v2\/tags?post=3980"}],"curies":[{"name":"wp","href":"https:\/\/api.w.org\/{rel}","templated":true}]}}