{"id":11306,"date":"2018-10-23T15:00:05","date_gmt":"2018-10-23T13:00:05","guid":{"rendered":"https:\/\/blog.iese.edu\/nuriachinchilla\/?p=11306"},"modified":"2018-10-25T17:04:15","modified_gmt":"2018-10-25T15:04:15","slug":"pobreza-moderna","status":"publish","type":"post","link":"https:\/\/blog.iese.edu\/nuriachinchilla\/2018\/10\/pobreza-moderna\/","title":{"rendered":"Pobreza moderna"},"content":{"rendered":"<p><img loading=\"lazy\" decoding=\"async\" class=\"size-medium wp-image-11309 aligncenter\" src=\"https:\/\/blog.iese.edu\/nuriachinchilla\/files\/2018\/10\/pobreza-1-300x169.jpg\" alt=\"\" width=\"300\" height=\"169\" srcset=\"https:\/\/blog.iese.edu\/nuriachinchilla\/files\/2018\/10\/pobreza-1-300x169.jpg 300w, https:\/\/blog.iese.edu\/nuriachinchilla\/files\/2018\/10\/pobreza-1-768x433.jpg 768w, https:\/\/blog.iese.edu\/nuriachinchilla\/files\/2018\/10\/pobreza-1.jpg 905w\" sizes=\"auto, (max-width: 300px) 100vw, 300px\" \/><\/p>\n<p style=\"text-align: center\">M\u00e1s de<strong> 12,3 millones de personas<\/strong> en <span style=\"color: #ff0000\">Espa\u00f1a<\/span> est\u00e1n en <strong>riesgo de pobreza y exclusi\u00f3n social<\/strong>.<\/p>\n<p style=\"text-align: center\"><strong>1 de cada 4 menores de 18 a\u00f1os<\/strong> se enfrenta al <strong>riesgo de pobreza<\/strong> en <span style=\"color: #ff0000\">Espa\u00f1a<\/span>.<\/p>\n<p style=\"text-align: center\">Cerca de <strong>1,3 millones de personas de 65 a\u00f1os o m\u00e1s<\/strong> est\u00e1n en <strong>riesgo de pobreza<\/strong>.<\/p>\n<p style=\"text-align: center\"><strong>3,1 millones de mujeres<\/strong> viven en hogares con <strong>baja intensidad de empleo<\/strong>.<\/p>\n<p>Son datos del \u00faltimo\u00a0<a href=\"https:\/\/www.eapn.es\/estadodepobreza\/ARCHIVO\/documentos\/Informe_AROPE_2018_Resumen_Ejecutivo.pdf\"><strong>informe AROPE<\/strong><\/a>, publicado la semana pasada, con motivo del D\u00eda Internacional para la Erradicaci\u00f3n de la Pobreza, que se conmemora en todo el mundo el 17 de octubre. Como indica dicho informe:<\/p>\n<blockquote><p>\u00abA pesar de la <strong>evidente mejora de la tasa AROPE<\/strong>, que se ha reducido en 2,6 puntos porcentuales en los \u00faltimos tres a\u00f1os, a\u00fan faltan otros 1,9 puntos para llegar a la situaci\u00f3n de partida (2009). Adem\u00e1s, consumar el objetivo significar\u00eda a\u00f1adir otros tres puntos a la cifra pendiente, con lo cual la meta comprometida est\u00e1, a\u00fan, a seis puntos porcentuales de distancia, lo que supone, en t\u00e9rminos absolutos, <strong>reducir en 2,3 millones el n\u00famero de personas en riesgo de pobreza y\/o exclusi\u00f3n social en los pr\u00f3ximos dos a\u00f1os<\/strong>. Se puede afirmar, entonces, que <strong>Espa\u00f1a est\u00e1 lejos de recuperar los datos de la d\u00e9cada pasada y m\u00e1s lejos a\u00fan de cumplir el objetivo de reducci\u00f3n de pobreza y\/o exclusi\u00f3n<\/strong>.\u00bb<\/p><\/blockquote>\n<p>No voy a insistir en los datos, que pod\u00e9is consultar pulsando en el nombre del informe, pero s\u00ed quer\u00eda reflexionar sobre la <strong>convivencia diaria con la pobreza<\/strong> que experimentamos especialmente en las ciudades.<\/p>\n<p><img loading=\"lazy\" decoding=\"async\" class=\"size-medium wp-image-11313 alignright\" src=\"https:\/\/blog.iese.edu\/nuriachinchilla\/files\/2018\/10\/pobreza-2-300x168.jpg\" alt=\"\" width=\"300\" height=\"168\" \/><\/p>\n<p>Las personas pobres frecuentemente est\u00e1n solas, porque la pobreza es un estigma social. A nadie le gusta convivir con la desgracia, lo desagradable, lo feo&#8230; Adem\u00e1s, tener cerca la pobreza puede suponer un aldabonazo para nuestras conciencias, y eso siempre es inc\u00f3modo. Pero, contra pobreza&#8230;\u00bfriqueza? Algunos organismos como C\u00e1ritas han alzado la voz contra la \u00ab<strong>riqueza que empobrece<\/strong>\u00ab: la desigualdad en el reparto, la falta de ayudas sociales, la inexistencia o pobreza de programas de formaci\u00f3n y capacitaci\u00f3n profesional, etc. El viejo dicho de ense\u00f1ar a pescar en lugar de dar peces nunca ha sido tan aut\u00e9ntico como en estos d\u00edas.<\/p>\n<blockquote><p>\u00ab<em><strong>Un trabajo decente es aquel que en cualquier sociedad sea expresi\u00f3n de la dignidad esencial de todo hombre o mujer<\/strong><\/em>\u00bb (<em>Caritas in veritate<\/em>, n\u00ba 63, Benedicto XVI)<\/p><\/blockquote>\n<p>Una de las situaciones m\u00e1s frecuentes en nuestros d\u00edas es la presencia en nuestras calles de indigentes que proceden de otros pa\u00edses. <strong>Adela Cortina<\/strong>, catedr\u00e1tica de \u00c9tica y Filosof\u00eda Pol\u00edtica de la Universidad de Valencia, acu\u00f1\u00f3 hace a\u00f1os el t\u00e9rmino <em><strong>aporofobia<\/strong><\/em>, fobia o miedo al extranjero pobre. Asegura que \u00abven\u00eda d\u00e1ndole vueltas a palabras como xenofobia, homofobia o islamofobia, que es el rechazo, el desprecio, el odio hacia el extranjero o el que es de otra raza u otra religi\u00f3n\u00bb.<\/p>\n<p>Por otro lado, podemos detenernos a pensar <strong>cu\u00e1l es el papel del empresario en relaci\u00f3n con la pobreza<\/strong> que nos rodea. Pedro Fraile, en Expansi\u00f3n, se preguntaba recientemente \u00ab\u00bf<em>por qu\u00e9 hay empresarios que se sienten culpables?\u00bb<\/em>, tratando de analizar la tradicional y extendida hostilidad contra el empresario. Cuando, en realidad, los empresarios en Espa\u00f1a se han distinguido por ofrecer un retorno a la sociedad de los beneficios obtenidos con sus empresas. Como se\u00f1ala la periodista Sonia Ma\u00f1\u00e9, \u00ab<em>quienes hist\u00f3ricamente han tomado el testigo de hacerse cargo de la lucha contra la pobreza han sido organizaciones como ONGs, fundaciones o gobiernos<\/em>.\u00bb Ahora es el turno de las empresas, y cita algunos ejemplos de algunas con programas de retorno social: <strong>Action Tank<\/strong>, catapulta de proyectos sociales a trav\u00e9s de empresas, los <strong>vales de comida de Bledina, Danone y Melin<\/strong>, tres empresas unidas para cubrir las necesidades de ni\u00f1os en familias con pocos recursos, el <strong>programa Mobiliz de Renault<\/strong>, que ofrece talleres solidarios para el mantenimiento de coches a personas de entornos m\u00e1s desfavorecidos, la <strong>reducci\u00f3n del precio de las gafas de Essilor<\/strong>, para pensionistas.<\/p>\n<p>En cuanto a la <strong>pobreza en pa\u00edses en v\u00edas de desarrollo<\/strong>, os dejo con un v\u00eddeo que describe c\u00f3mo afrontamos la pobreza hoy y\u00a0 propone una <strong>aproximaci\u00f3n diferente y renovadora<\/strong> a la pobreza mundial.<\/p>\n<p><iframe loading=\"lazy\" title=\"Pobreza, S.A. - Tr\u00e1iler Subtitulado al Espa\u00f1ol HD - Instituto Acton\" width=\"500\" height=\"281\" src=\"https:\/\/www.youtube.com\/embed\/T5ZIdA0R4po?feature=oembed\" frameborder=\"0\" allow=\"accelerometer; autoplay; clipboard-write; encrypted-media; gyroscope; picture-in-picture; web-share\" referrerpolicy=\"strict-origin-when-cross-origin\" allowfullscreen><\/iframe><\/p>\n<p>&nbsp;<\/p>\n<p>&nbsp;<\/p>\n","protected":false},"excerpt":{"rendered":"<p>M\u00e1s de 12,3 millones de personas en Espa\u00f1a est\u00e1n en riesgo de pobreza y exclusi\u00f3n social. 1 de cada 4 menores de 18 a\u00f1os se enfrenta al riesgo de pobreza en Espa\u00f1a. Cerca de 1,3 millones de personas de 65 a\u00f1os o m\u00e1s est\u00e1n en riesgo de pobreza. 3,1 millones de mujeres viven en hogares [&hellip;]<\/p>\n","protected":false},"author":334,"featured_media":0,"comment_status":"open","ping_status":"open","sticky":false,"template":"","format":"standard","meta":{"footnotes":""},"categories":[38994,61165,10580,106194,12830,10584,49464,16174,100991,75847,7965],"tags":[106233,106232,106231,106229,106234,28152,44911,106236,42722,106235,16174,10762],"class_list":["post-11306","post","type-post","status-publish","format-standard","hentry","category-agentes-sociales","category-antropologia","category-capital-humano","category-catedra-carmina-roca-y-rafael-pich-aguilera-de-mujer-y-liderazgo","category-derechos-humanos","category-ecologia-humana-social","category-empresa-responsable","category-pobreza","category-sociedad-sostenible","category-valores-humanos","category-videos","tag-action-tank","tag-adela-cortina","tag-aporofobia","tag-arope","tag-bledina","tag-caritas","tag-danone","tag-essilor","tag-exclusion-social","tag-melin","tag-pobreza","tag-renault"],"_links":{"self":[{"href":"https:\/\/blog.iese.edu\/nuriachinchilla\/wp-json\/wp\/v2\/posts\/11306","targetHints":{"allow":["GET"]}}],"collection":[{"href":"https:\/\/blog.iese.edu\/nuriachinchilla\/wp-json\/wp\/v2\/posts"}],"about":[{"href":"https:\/\/blog.iese.edu\/nuriachinchilla\/wp-json\/wp\/v2\/types\/post"}],"author":[{"embeddable":true,"href":"https:\/\/blog.iese.edu\/nuriachinchilla\/wp-json\/wp\/v2\/users\/334"}],"replies":[{"embeddable":true,"href":"https:\/\/blog.iese.edu\/nuriachinchilla\/wp-json\/wp\/v2\/comments?post=11306"}],"version-history":[{"count":8,"href":"https:\/\/blog.iese.edu\/nuriachinchilla\/wp-json\/wp\/v2\/posts\/11306\/revisions"}],"predecessor-version":[{"id":11308,"href":"https:\/\/blog.iese.edu\/nuriachinchilla\/wp-json\/wp\/v2\/posts\/11306\/revisions\/11308"}],"wp:attachment":[{"href":"https:\/\/blog.iese.edu\/nuriachinchilla\/wp-json\/wp\/v2\/media?parent=11306"}],"wp:term":[{"taxonomy":"category","embeddable":true,"href":"https:\/\/blog.iese.edu\/nuriachinchilla\/wp-json\/wp\/v2\/categories?post=11306"},{"taxonomy":"post_tag","embeddable":true,"href":"https:\/\/blog.iese.edu\/nuriachinchilla\/wp-json\/wp\/v2\/tags?post=11306"}],"curies":[{"name":"wp","href":"https:\/\/api.w.org\/{rel}","templated":true}]}}