{"id":1137,"date":"2010-01-26T08:53:27","date_gmt":"2010-01-26T07:53:27","guid":{"rendered":"http:\/\/www.nuriachinchilla.com\/?p=1137"},"modified":"2010-12-09T10:45:35","modified_gmt":"2010-12-09T10:45:35","slug":"necesidad-de-la-complementariedad","status":"publish","type":"post","link":"https:\/\/blog.iese.edu\/nuriachinchilla\/2010\/01\/necesidad-de-la-complementariedad\/","title":{"rendered":"Necesidad de la Complementariedad"},"content":{"rendered":"<p style=\"text-align: justify\">Este fin de semana tuve ocasi\u00f3n de ver una representaci\u00f3n del Corella Ballet en Barcelona. Justo antes de empezar la funci\u00f3n nos avisaron de que  \u00c1ngel Corella y su primer bailar\u00edn estaban indispuestos por una indigesti\u00f3n que les llev\u00f3 al hospital de urgencias. Tras la desilusi\u00f3n primera, empez\u00f3 la funci\u00f3n y una vez m\u00e1s se demostr\u00f3 que un buen l\u00edder tiene bien entrenado a su equipo para &#8211; supliendo sus respectivas carencias &#8211;  llegar a su m\u00e1ximo potencial y poder seguir haciendo un excelente trabajo incluso cuando \u00e9l no est\u00e1. Disfrutando del espect\u00e1culo pens\u00e9 en el v\u00eddeo que hac\u00eda tiempo ten\u00eda guardado para vosotros y que hoy os invito a ver.<\/p>\n<p style=\"text-align: center\"><object width=\"425\" height=\"344\" data=\"http:\/\/www.youtube.com\/v\/7deAqzl3AwE&amp;hl=es_ES&amp;fs=1&amp;\" type=\"application\/x-shockwave-flash\"><param name=\"allowFullScreen\" value=\"true\" \/><param name=\"allowscriptaccess\" value=\"always\" \/><param name=\"src\" value=\"http:\/\/www.youtube.com\/v\/7deAqzl3AwE&amp;hl=es_ES&amp;fs=1&amp;\" \/><param name=\"allowfullscreen\" value=\"true\" \/><\/object><\/p>\n<p style=\"text-align: justify\">Todos tenemos dis-capacidades que pueden dificultar nuestro camino profesional, familiar o personal. Por eso necesitamos contar con los dem\u00e1s para que nos complementen y nos ayuden a desarrollar nuestro m\u00e1ximo potencial. No se trata s\u00f3lo de que hagamos un trabajo excelente, sino tambi\u00e9n de llegar a ser quienes estamos llamados a ser para que podamos cumplir nuestro papel en el mundo.  \u00a1Espero que lo disfrut\u00e9is!<\/p>\n","protected":false},"excerpt":{"rendered":"<p>Este fin de semana tuve ocasi\u00f3n de ver una representaci\u00f3n del Corella Ballet en Barcelona. Justo antes de empezar la funci\u00f3n nos avisaron de que \u00c1ngel Corella y su primer bailar\u00edn estaban indispuestos por una indigesti\u00f3n que les llev\u00f3 al hospital de urgencias. Tras la desilusi\u00f3n primera, empez\u00f3 la funci\u00f3n y una vez m\u00e1s se [&hellip;]<\/p>\n","protected":false},"author":334,"featured_media":0,"comment_status":"open","ping_status":"open","sticky":false,"template":"","format":"standard","meta":{"footnotes":""},"categories":[185,10595,10596,7965],"tags":[10615],"class_list":["post-1137","post","type-post","status-publish","format-standard","hentry","category-liderazgo","category-superacion","category-trabajo","category-videos","tag-angel-corella"],"_links":{"self":[{"href":"https:\/\/blog.iese.edu\/nuriachinchilla\/wp-json\/wp\/v2\/posts\/1137","targetHints":{"allow":["GET"]}}],"collection":[{"href":"https:\/\/blog.iese.edu\/nuriachinchilla\/wp-json\/wp\/v2\/posts"}],"about":[{"href":"https:\/\/blog.iese.edu\/nuriachinchilla\/wp-json\/wp\/v2\/types\/post"}],"author":[{"embeddable":true,"href":"https:\/\/blog.iese.edu\/nuriachinchilla\/wp-json\/wp\/v2\/users\/334"}],"replies":[{"embeddable":true,"href":"https:\/\/blog.iese.edu\/nuriachinchilla\/wp-json\/wp\/v2\/comments?post=1137"}],"version-history":[{"count":1,"href":"https:\/\/blog.iese.edu\/nuriachinchilla\/wp-json\/wp\/v2\/posts\/1137\/revisions"}],"predecessor-version":[{"id":1674,"href":"https:\/\/blog.iese.edu\/nuriachinchilla\/wp-json\/wp\/v2\/posts\/1137\/revisions\/1674"}],"wp:attachment":[{"href":"https:\/\/blog.iese.edu\/nuriachinchilla\/wp-json\/wp\/v2\/media?parent=1137"}],"wp:term":[{"taxonomy":"category","embeddable":true,"href":"https:\/\/blog.iese.edu\/nuriachinchilla\/wp-json\/wp\/v2\/categories?post=1137"},{"taxonomy":"post_tag","embeddable":true,"href":"https:\/\/blog.iese.edu\/nuriachinchilla\/wp-json\/wp\/v2\/tags?post=1137"}],"curies":[{"name":"wp","href":"https:\/\/api.w.org\/{rel}","templated":true}]}}