{"id":11468,"date":"2019-02-22T15:40:24","date_gmt":"2019-02-22T14:40:24","guid":{"rendered":"https:\/\/blog.iese.edu\/nuriachinchilla\/?p=11468"},"modified":"2019-02-23T11:59:11","modified_gmt":"2019-02-23T10:59:11","slug":"ser-feliz-en-tiempos-de-prisa","status":"publish","type":"post","link":"https:\/\/blog.iese.edu\/nuriachinchilla\/2019\/02\/ser-feliz-en-tiempos-de-prisa\/","title":{"rendered":"Ser feliz en tiempos de prisa"},"content":{"rendered":"<p><em><strong><a href=\"https:\/\/www.troa.es\/libro\/del-ataud-a-la-cometa_753246\"><img loading=\"lazy\" decoding=\"async\" class=\"alignleft wp-image-11471 size-medium\" src=\"https:\/\/blog.iese.edu\/nuriachinchilla\/files\/2019\/02\/del-ataud-a-la-cometa-190x300.jpg\" alt=\"\" width=\"190\" height=\"300\" srcset=\"https:\/\/blog.iese.edu\/nuriachinchilla\/files\/2019\/02\/del-ataud-a-la-cometa-190x300.jpg 190w, https:\/\/blog.iese.edu\/nuriachinchilla\/files\/2019\/02\/del-ataud-a-la-cometa.jpg 247w\" sizes=\"auto, (max-width: 190px) 100vw, 190px\" \/><\/a>\u00abLas personas felices no nacemos, nos hacemos\u00bb<\/strong><\/em>, es el subt\u00edtulo del libro <em>Del ataud a la cometa, <\/em>de <strong>Carlos Andreu<\/strong>, que ya va por su novena edici\u00f3n. Esta semana lo hemos tenido en el IESE en nuestro <strong>I-WiL Lunch<\/strong>, para descubrir c\u00f3mo ser felices en tiempos de prisa, ahora que muchos discurren por la vida en la categor\u00eda de <em>zombies<\/em>, y no de vivos. Como dice el autor:<\/p>\n<blockquote><p><em>\u00abEl mundo apresurado en el que vivimos nos empuja a correr sin descanso, siempre pensando que ma\u00f1ana llegar\u00e1 lo que anhelamos. Y en esa carrera alocada <strong>abandonamos lo verdaderamente importante<\/strong>. Descubrimos que en algunos momentos nos comportamos como muertos vivientes atrapados en una b\u00fasqueda fren\u00e9tica de lo que no poseemos\u00bb.<\/em><\/p>\n<p><img loading=\"lazy\" decoding=\"async\" class=\"size-medium wp-image-11469 alignright\" src=\"https:\/\/blog.iese.edu\/nuriachinchilla\/files\/2019\/02\/Carlos-Andreu-en-Aula-Magna-300x225.jpeg\" alt=\"\" width=\"300\" height=\"225\" srcset=\"https:\/\/blog.iese.edu\/nuriachinchilla\/files\/2019\/02\/Carlos-Andreu-en-Aula-Magna-300x225.jpeg 300w, https:\/\/blog.iese.edu\/nuriachinchilla\/files\/2019\/02\/Carlos-Andreu-en-Aula-Magna-768x576.jpeg 768w, https:\/\/blog.iese.edu\/nuriachinchilla\/files\/2019\/02\/Carlos-Andreu-en-Aula-Magna.jpeg 1024w\" sizes=\"auto, (max-width: 300px) 100vw, 300px\" \/><\/p><\/blockquote>\n<p>Muchas personas piensan que est\u00e1n de alguna manera determinadas por la gen\u00e9tica, que lo que heredan de sus padres es definitivamente algo que no se puede cambiar. Si bien es cierto que todos tenemos esa influencia de nacimiento, heredada de nuestra familia, no es menos verdad que ser feliz -en todas las acepciones del t\u00e9rmino, que son variadas- depende de factores externos y progresivos, en cierta medida paralelos al discurrir de la vida. Aprendemos, nos ense\u00f1an, mejoramos, nos equivocamos, nos caemos, nos levantamos, escuchamos, compartimos, recibimos <em>feed-back<\/em>.<\/p>\n<p>Somos seres sociales y de la interacci\u00f3n con los otros depende en gran parte nuestro bienestar. Carlos Andreu recorre en su sesi\u00f3n las diferentes etapas de la vida, pregunt\u00e1ndonos qui\u00e9nes son nuestros \u00abdioses\u00bb y cu\u00e1les nuestros objetivos en cada una de ellas. As\u00ed podemos apreciar c\u00f3mo la admiraci\u00f3n por nuestros padres decae seg\u00fan nos hacemos adultos, o c\u00f3mo nuestros deseos pasan de jugar con otros ni\u00f1os todo el d\u00eda o dormir y comer, a ser el m\u00e1s querido o admirado, triunfar en el trabajo, mejorar la salud&#8230;y as\u00ed hasta el final de la vida, en que volvemos a hacernos muchas veces como ni\u00f1os (las necesidades fisiol\u00f3gicas cobran de nuevo relevancia), y la obtenci\u00f3n de nuestros deseos ya casi no depende de nosotros.<\/p>\n<p>Entonces, \u00bfcu\u00e1les son las coordenadas de aquellos a los que les va bien? Sin duda, como explica Carlos, hay que tener motivos para empezar el d\u00eda, y hay que saber que \u00abhay un complot universal para que yo triunfe\u00bb, saber lo que realmente importa, pero m\u00e1s all\u00e1 de la pura verbalizaci\u00f3n, porque todos afirmamos que la familia es lo que m\u00e1s nos importa, pero luego no todos act\u00faan en consecuencia.<\/p>\n<p>&nbsp;<\/p>\n<div id=\"attachment_11478\" style=\"width: 272px\" class=\"wp-caption aligncenter\"><img loading=\"lazy\" decoding=\"async\" aria-describedby=\"caption-attachment-11478\" class=\"size-medium wp-image-11478\" src=\"https:\/\/blog.iese.edu\/nuriachinchilla\/files\/2019\/02\/Hugo-y-Nuria-Banderas-encuadrada-262x300.jpg\" alt=\"\" width=\"262\" height=\"300\" srcset=\"https:\/\/blog.iese.edu\/nuriachinchilla\/files\/2019\/02\/Hugo-y-Nuria-Banderas-encuadrada-262x300.jpg 262w, https:\/\/blog.iese.edu\/nuriachinchilla\/files\/2019\/02\/Hugo-y-Nuria-Banderas-encuadrada-768x881.jpg 768w, https:\/\/blog.iese.edu\/nuriachinchilla\/files\/2019\/02\/Hugo-y-Nuria-Banderas-encuadrada-893x1024.jpg 893w, https:\/\/blog.iese.edu\/nuriachinchilla\/files\/2019\/02\/Hugo-y-Nuria-Banderas-encuadrada.jpg 1046w\" sizes=\"auto, (max-width: 262px) 100vw, 262px\" \/><p id=\"caption-attachment-11478\" class=\"wp-caption-text\"><strong>Con el profesor Hugo Cruz<\/strong><\/p><\/div>\n<p>Un abrazo a todos desde Guatemala, donde he intervenido en el Congreso de los Diputados sobre pol\u00edticas familiares, y en el primer <strong>Programa de Certificaci\u00f3n en RFC<\/strong> (Responsabilidad Familiar Corporativa), organizado\u00a0por el profesor <strong>Hugo Cruz<\/strong>, director del CIHE en la UNIS. Adem\u00e1s, he impartido sesiones en los programas <strong>MBA<\/strong> y <strong>EMBA<\/strong> en la <strong>UNIS Business School<\/strong>.<\/p>\n<p>Os dejo con un v\u00eddeo a Carlos Andreu, grabado en mi despacho del IESE -previo a su sesi\u00f3n- donde da algunas claves.<\/p>\n<p><iframe loading=\"lazy\" title=\"Carlos Andreu en  I-WiL Lunch con la profesora del IESE Nuria Chinchilla\" width=\"500\" height=\"281\" src=\"https:\/\/www.youtube.com\/embed\/8eaOAgLJOSc?feature=oembed\" frameborder=\"0\" allow=\"accelerometer; autoplay; clipboard-write; encrypted-media; gyroscope; picture-in-picture; web-share\" referrerpolicy=\"strict-origin-when-cross-origin\" allowfullscreen><\/iframe><\/p>\n","protected":false},"excerpt":{"rendered":"<p>\u00abLas personas felices no nacemos, nos hacemos\u00bb, es el subt\u00edtulo del libro Del ataud a la cometa, de Carlos Andreu, que ya va por su novena edici\u00f3n. Esta semana lo hemos tenido en el IESE en nuestro I-WiL Lunch, para descubrir c\u00f3mo ser felices en tiempos de prisa, ahora que muchos discurren por la vida [&hellip;]<\/p>\n","protected":false},"author":334,"featured_media":0,"comment_status":"open","ping_status":"open","sticky":false,"template":"","format":"standard","meta":{"footnotes":""},"categories":[61165,84149,106194,96578,12828,70661,100811,74336,100908,250,10737],"tags":[67705,106312,106091,106317,106315,106313,96556,74336,87788,100908,70633,10737,23829,106314,106318],"class_list":["post-11468","post","type-post","status-publish","format-standard","hentry","category-antropologia","category-autoconocimiento","category-catedra-carmina-roca-y-rafael-pich-aguilera-de-mujer-y-liderazgo","category-centro-de-la-persona","category-crecimiento","category-duenos-de-nuestro-destino-2","category-etapas-de-la-vida","category-felicidad","category-i-wil-lunch","category-libros","category-motivacion","tag-aprendizaje","tag-carlos-andreu","tag-catedra-iese-mujer-y-liderazgo","tag-cihe","tag-coordenadas","tag-del-ataud-a-la-cometa","tag-exito","tag-felicidad","tag-hugo-cruz","tag-i-wil-lunch","tag-mision-2","tag-motivacion","tag-objetivos","tag-ser-feliz-en-tiempos-de-prisa","tag-unis"],"_links":{"self":[{"href":"https:\/\/blog.iese.edu\/nuriachinchilla\/wp-json\/wp\/v2\/posts\/11468","targetHints":{"allow":["GET"]}}],"collection":[{"href":"https:\/\/blog.iese.edu\/nuriachinchilla\/wp-json\/wp\/v2\/posts"}],"about":[{"href":"https:\/\/blog.iese.edu\/nuriachinchilla\/wp-json\/wp\/v2\/types\/post"}],"author":[{"embeddable":true,"href":"https:\/\/blog.iese.edu\/nuriachinchilla\/wp-json\/wp\/v2\/users\/334"}],"replies":[{"embeddable":true,"href":"https:\/\/blog.iese.edu\/nuriachinchilla\/wp-json\/wp\/v2\/comments?post=11468"}],"version-history":[{"count":7,"href":"https:\/\/blog.iese.edu\/nuriachinchilla\/wp-json\/wp\/v2\/posts\/11468\/revisions"}],"predecessor-version":[{"id":11479,"href":"https:\/\/blog.iese.edu\/nuriachinchilla\/wp-json\/wp\/v2\/posts\/11468\/revisions\/11479"}],"wp:attachment":[{"href":"https:\/\/blog.iese.edu\/nuriachinchilla\/wp-json\/wp\/v2\/media?parent=11468"}],"wp:term":[{"taxonomy":"category","embeddable":true,"href":"https:\/\/blog.iese.edu\/nuriachinchilla\/wp-json\/wp\/v2\/categories?post=11468"},{"taxonomy":"post_tag","embeddable":true,"href":"https:\/\/blog.iese.edu\/nuriachinchilla\/wp-json\/wp\/v2\/tags?post=11468"}],"curies":[{"name":"wp","href":"https:\/\/api.w.org\/{rel}","templated":true}]}}