{"id":3560,"date":"2012-01-24T17:55:34","date_gmt":"2012-01-24T15:55:34","guid":{"rendered":"https:\/\/blog.iese.edu\/nuriachinchilla\/?p=3560"},"modified":"2012-01-24T17:58:40","modified_gmt":"2012-01-24T15:58:40","slug":"blackberry-iphones-y-similares","status":"publish","type":"post","link":"https:\/\/blog.iese.edu\/nuriachinchilla\/2012\/01\/blackberry-iphones-y-similares\/","title":{"rendered":"Blackberry, Iphones y similares&#8230;"},"content":{"rendered":"<p>Dentro de un mes en el Campus del IESE en Barcelona volveremos a impartir el programa enfocado<span style=\"text-decoration: underline\"><a href=\"http:\/\/www.iese.edu\/es\/ad\/EnfocadosWEB\/1112\/GestionTiempo\/Lagestindeltiempo1112.asp\" target=\"_blank\"><strong> \u00abLa gesti\u00f3n del tiempo\u00bb<\/strong><\/a><\/span>. Se trata de una competencia directiva de primer orden, que conlleva muchas subcompetencias.<\/p>\n<p>La semana pasada en Madrid tras la sesi\u00f3n de continuidad con el mismo t\u00edtulo, uno de los asistentes se me acerc\u00f3 para pedirme que no me metiera m\u00e1s con la marca Blackberry. De hecho, no me met\u00eda con la marca, sino que utilizaba este nombre como \u00abcomodity\u00bb de los tel\u00e9fonos inteligentes o <em>smartphones<\/em>. Comentaba el mal uso que se hace de estos dispositivos, as\u00ed como los cursos de desintoxicaci\u00f3n que se han puesto en marcha en algunas empresas.<\/p>\n<p>Esta mini-entrevista es una reflexi\u00f3n jocosa de la dificultad que existe en general para superar la tentaci\u00f3n de estar constantemente pendiente de la maquinita.<\/p>\n<iframe class='xavier' width='100%' height='400' frameborder='0' allow='fullscreen' allowfullscreen src='https:\/\/www.youtube.com\/embed\/6E8fw00WmYg&#038;feature=player_embedded'><\/iframe>\n","protected":false},"excerpt":{"rendered":"<p>Dentro de un mes en el Campus del IESE en Barcelona volveremos a impartir el programa enfocado \u00abLa gesti\u00f3n del tiempo\u00bb. Se trata de una competencia directiva de primer orden, que conlleva muchas subcompetencias. La semana pasada en Madrid tras la sesi\u00f3n de continuidad con el mismo t\u00edtulo, uno de los asistentes se me acerc\u00f3 [&hellip;]<\/p>\n","protected":false},"author":334,"featured_media":0,"comment_status":"open","ping_status":"open","sticky":false,"template":"","format":"standard","meta":{"footnotes":""},"categories":[10581,10596,7965],"tags":[],"class_list":["post-3560","post","type-post","status-publish","format-standard","hentry","category-conciliacion","category-trabajo","category-videos"],"_links":{"self":[{"href":"https:\/\/blog.iese.edu\/nuriachinchilla\/wp-json\/wp\/v2\/posts\/3560","targetHints":{"allow":["GET"]}}],"collection":[{"href":"https:\/\/blog.iese.edu\/nuriachinchilla\/wp-json\/wp\/v2\/posts"}],"about":[{"href":"https:\/\/blog.iese.edu\/nuriachinchilla\/wp-json\/wp\/v2\/types\/post"}],"author":[{"embeddable":true,"href":"https:\/\/blog.iese.edu\/nuriachinchilla\/wp-json\/wp\/v2\/users\/334"}],"replies":[{"embeddable":true,"href":"https:\/\/blog.iese.edu\/nuriachinchilla\/wp-json\/wp\/v2\/comments?post=3560"}],"version-history":[{"count":12,"href":"https:\/\/blog.iese.edu\/nuriachinchilla\/wp-json\/wp\/v2\/posts\/3560\/revisions"}],"predecessor-version":[{"id":3591,"href":"https:\/\/blog.iese.edu\/nuriachinchilla\/wp-json\/wp\/v2\/posts\/3560\/revisions\/3591"}],"wp:attachment":[{"href":"https:\/\/blog.iese.edu\/nuriachinchilla\/wp-json\/wp\/v2\/media?parent=3560"}],"wp:term":[{"taxonomy":"category","embeddable":true,"href":"https:\/\/blog.iese.edu\/nuriachinchilla\/wp-json\/wp\/v2\/categories?post=3560"},{"taxonomy":"post_tag","embeddable":true,"href":"https:\/\/blog.iese.edu\/nuriachinchilla\/wp-json\/wp\/v2\/tags?post=3560"}],"curies":[{"name":"wp","href":"https:\/\/api.w.org\/{rel}","templated":true}]}}