{"id":3738,"date":"2012-03-01T11:58:23","date_gmt":"2012-03-01T09:58:23","guid":{"rendered":"https:\/\/blog.iese.edu\/nuriachinchilla\/?p=3738"},"modified":"2012-03-01T20:14:51","modified_gmt":"2012-03-01T18:14:51","slug":"pandemia-de-favores","status":"publish","type":"post","link":"https:\/\/blog.iese.edu\/nuriachinchilla\/2012\/03\/pandemia-de-favores\/","title":{"rendered":"Pandemia de favores"},"content":{"rendered":"<p>\u00abEn la \u00e9poca de la globalizaci\u00f3n, la actividad econ\u00f3mica no puede prescindir de la gratuidad, que fomenta y extiende la solidaridad y la responsabilidad por la justicia y el bien com\u00fan. La solidaridad es que todos se sientan responsables de todos; por tanto, no se la puede dejar solamente en manos del Estado. Junto a la empresa privada y los diferentes tipos de empresa p\u00fablica, deben poderse establecer y desenvolver organizaciones productivas que persiguen fines mutualistas y sociales\u00bb. El Papa Benedicto XVI en su Carta <em>\u00abCaridad en la Verdad\u00bb<\/em> subraya la necesidad de dar forma a las iniciativas econ\u00f3micas que, sin renunciar al beneficio, quieren ir m\u00e1s all\u00e1 de la l\u00f3gica del intercambio de cosas equivalentes y del lucro como fin en s\u00ed mismo. Para que esto sea factible necesitamos desarrollar una serie de virtudes que se desarrollan prioritariamente en la convivencia familiar y que ayudan a valorar a los dem\u00e1s en toda su dignidad.<\/p>\n<p>Detr\u00e1s de la amabilidad est\u00e1 el valorar a las personas como seres \u00fanicos e irrepetibles que merecen ser tratados no s\u00f3lo con justicia, sino tambi\u00e9n con amabilidad\u00a0 y agradecimiento.\u00a0 Este v\u00eddeo muestra c\u00f3mo la gratuidad genera un circuito positivo, de favores. Al actuar de esta manera no se espera m\u00e1s retorno que el de haber actuado en conciencia. Sin embargo, el impacto positivo, que tiene lugar primero en el que da, tambi\u00e9n impacta en los dem\u00e1s volviendo, antes o despu\u00e9s, al primero por un efecto boomerang. (Debajo del v\u00eddeo, pod\u00e9is ver la letra de la canci\u00f3n traducida al espa\u00f1ol)<\/p>\n<iframe class='xavier' width='100%' height='400' frameborder='0' allow='fullscreen' allowfullscreen src='https:\/\/www.youtube.com\/embed\/nwAYpLVyeFU&#038;feature=player_embedded'><\/iframe>\n<blockquote><p>A veces me pongo bajo la luna<br \/>\nAgradezco al Dios que respiro<br \/>\nY rezo<br \/>\nNo me tomen pronto<br \/>\nLa causa de que estoy aqu\u00ed por una raz\u00f3n<br \/>\nA veces en mis l\u00e1grimas yo me ahogo<br \/>\nNunca le deje que me deprima<br \/>\nAbajo, entonces mi reacci\u00f3n negativa<br \/>\nSe rodea, se que un d\u00eda todo girar\u00e1<br \/>\nPorque<\/p>\n<p>Toda mi vida he estado esperando<br \/>\nHe estado rezando para la gente<br \/>\nPara decir que no, no queremos luchar m\u00e1s<br \/>\nNo habr\u00e1 m\u00e1s guerras,<br \/>\nEn las que veremos a nuestros ni\u00f1os pelear<\/p>\n<p>Alg\u00fan d\u00eda (&#8230;)<\/p>\n<p>No se trata de ganar o perder<br \/>\nPorque todos perdemos cuando<br \/>\nSe juega con las almas de los inocentes<br \/>\nEl dolor mojado de sangre<br \/>\nMantenerse en movimiento<br \/>\nAunque la estadificaci\u00f3n del agua en<br \/>\nEste laberinto se puede perder del camino, su camino<br \/>\nQue puede volverse loco,<br \/>\nPero no deje que le perturbe de ninguna manera<br \/>\nDe ninguna manera<\/p>\n<p>A veces en mis l\u00e1grimas<br \/>\nMe ahogo pero nunca dejo que me deprima<br \/>\nAbajo, entonces mi reacci\u00f3n negativa se rodea<br \/>\nSe que Alg\u00fan d\u00eda todo girar\u00e1<br \/>\nPorque<\/p>\n<p>Toda mi vida he estado esperando<br \/>\nHe estado rezando para la gente<br \/>\nPara decir que no, no queremos luchar m\u00e1s<br \/>\nQue no habr\u00e1 m\u00e1s guerras, que nuestros ni\u00f1os jugaran<\/p>\n<p>Alg\u00fan d\u00eda (&#8230;)<\/p>\n<p>Alg\u00fan d\u00eda todo esto cambiar\u00e1, tratar a la<br \/>\nGente de igual, termina con la violencia<br \/>\nPor el que el dolor.<br \/>\nAlg\u00fan d\u00eda todos seremos libres y orgullosos<br \/>\nDe ser de la misma, cantando<br \/>\nCanciones de libertad<\/p>\n<p>Alg\u00fan d\u00eda, Alg\u00fan d\u00eda<\/p>\n<p>Toda mi vida he estado esperando<br \/>\nHe estado rezando para la gente<br \/>\nPara decir que no, no queremos luchar m\u00e1s<br \/>\nQue no habr\u00e1 m\u00e1s guerras<br \/>\nQue nuestros ni\u00f1os jugar\u00e1n<\/p>\n<p>Alg\u00fan d\u00eda (&#8230;)<\/p><\/blockquote>\n","protected":false},"excerpt":{"rendered":"<p>\u00abEn la \u00e9poca de la globalizaci\u00f3n, la actividad econ\u00f3mica no puede prescindir de la gratuidad, que fomenta y extiende la solidaridad y la responsabilidad por la justicia y el bien com\u00fan. La solidaridad es que todos se sientan responsables de todos; por tanto, no se la puede dejar solamente en manos del Estado. Junto a [&hellip;]<\/p>\n","protected":false},"author":334,"featured_media":0,"comment_status":"open","ping_status":"open","sticky":false,"template":"","format":"standard","meta":{"footnotes":""},"categories":[10597,7965],"tags":[37090,37089],"class_list":["post-3738","post","type-post","status-publish","format-standard","hentry","category-valores","category-videos","tag-caridad-en-la-verdad","tag-papa-benedicto-xvi"],"_links":{"self":[{"href":"https:\/\/blog.iese.edu\/nuriachinchilla\/wp-json\/wp\/v2\/posts\/3738","targetHints":{"allow":["GET"]}}],"collection":[{"href":"https:\/\/blog.iese.edu\/nuriachinchilla\/wp-json\/wp\/v2\/posts"}],"about":[{"href":"https:\/\/blog.iese.edu\/nuriachinchilla\/wp-json\/wp\/v2\/types\/post"}],"author":[{"embeddable":true,"href":"https:\/\/blog.iese.edu\/nuriachinchilla\/wp-json\/wp\/v2\/users\/334"}],"replies":[{"embeddable":true,"href":"https:\/\/blog.iese.edu\/nuriachinchilla\/wp-json\/wp\/v2\/comments?post=3738"}],"version-history":[{"count":11,"href":"https:\/\/blog.iese.edu\/nuriachinchilla\/wp-json\/wp\/v2\/posts\/3738\/revisions"}],"predecessor-version":[{"id":3755,"href":"https:\/\/blog.iese.edu\/nuriachinchilla\/wp-json\/wp\/v2\/posts\/3738\/revisions\/3755"}],"wp:attachment":[{"href":"https:\/\/blog.iese.edu\/nuriachinchilla\/wp-json\/wp\/v2\/media?parent=3738"}],"wp:term":[{"taxonomy":"category","embeddable":true,"href":"https:\/\/blog.iese.edu\/nuriachinchilla\/wp-json\/wp\/v2\/categories?post=3738"},{"taxonomy":"post_tag","embeddable":true,"href":"https:\/\/blog.iese.edu\/nuriachinchilla\/wp-json\/wp\/v2\/tags?post=3738"}],"curies":[{"name":"wp","href":"https:\/\/api.w.org\/{rel}","templated":true}]}}