{"id":407,"date":"2009-06-08T17:35:10","date_gmt":"2009-06-08T16:35:10","guid":{"rendered":"http:\/\/www.nuriachinchilla.com\/?p=407"},"modified":"2010-12-09T11:07:37","modified_gmt":"2010-12-09T11:07:37","slug":"oportunidades-en-tiempos-de-crisis","status":"publish","type":"post","link":"https:\/\/blog.iese.edu\/nuriachinchilla\/2009\/06\/oportunidades-en-tiempos-de-crisis\/","title":{"rendered":"Oportunidades en tiempos de crisis"},"content":{"rendered":"<p style=\"text-align: justify\">Me llega <span style=\"text-decoration: underline\"><strong><a href=\"http:\/\/www.nuriachinchilla.com\/wp-content\/uploads\/2009\/0608\/oportunidades_de_la_Crisis.pdf\" target=\"_blank\">este art\u00edculo<\/a><\/strong><\/span> sobre la crisis y los pol\u00edticos, y quiero compartirlo con vosotros. \u00a1Cu\u00e1nta raz\u00f3n ten\u00eda Hayek! Cuando entra el marketing con toda su fuerza en el discurso pol\u00edtico distorsionando la realidad, se acaba la democracia&#8230; Somos mareados <em>ad nauseam<\/em> con sofismas que nos alejan de la verdad y nos acaban quitando la ilusi\u00f3n de construir un mundo mejor a trav\u00e9s de los pol\u00edticos. La <strong>abstenci\u00f3n de m\u00e1s del 55%<\/strong> en todos los pa\u00edses de la Uni\u00f3n Europea en las \u00faltimas elecciones es un reflejo de ello. Por eso he aceptado la invitaci\u00f3n a presidir una Asociaci\u00f3n, <span style=\"text-decoration: underline\"><strong><a href=\"http:\/\/www.forumlibertas.com\/frontend\/forumlibertas\/noticia.php?id_noticia=9478\" target=\"_blank\">Acci\u00f3 per la democr\u00e0cia<\/a><\/strong><\/span>, que tiene como objetivo cambiar la ley electoral (de momento la catalana) para acabar con la partitocracia y caciquismo en los partidos pol\u00edticos, a fin de poder elegir directamente a los candidatos y desbloquear las listas. Os animo a apuntaros para ir <span style=\"text-decoration: underline\"><strong><a href=\"http:\/\/www.accioperlademocracia.org\/\" target=\"_blank\">sumando firmas<\/a><\/strong><\/span>.<\/p>\n<p style=\"text-align: justify\">Pero aun siendo grave, el no ejercer el derecho y el deber de votar no es la peor omisi\u00f3n&#8230; Mirad este v\u00eddeo y pasadlo a vuestros hijos. Les devolver\u00e1 a la realidad. <!--more--><\/p>\n<p style=\"text-align: justify\"><img loading=\"lazy\" decoding=\"async\" style=\"width: 0px;height: 0px\" src=\"http:\/\/counters.gigya.com\/wildfire\/IMP\/CXNID=2000002.0NXC\/bT*xJmx*PTEyNDQ*NzA2NDI4MTImcHQ9MTI*NDQ3MDcxMTQ4NCZwPTI2ODg5MSZkPSZnPTEmdD*mbz*2MGUxNDc4OWE1ODI*ODM1YmNhMWUyNTFmMmVhMzgyZiZvZj*w.gif\" border=\"0\" alt=\"\" width=\"0\" height=\"0\" \/><\/p>\n<div style=\"width: 600px; text-align: justify;\"><object width=\"600\" height=\"500\" data=\"http:\/\/www.cultureunplugged.com\/swf\/embedplayer.swf\" type=\"application\/x-shockwave-flash\"><param name=\"name\" value=\"cultureUnpluggedPlayer\" \/><param name=\"align\" value=\"middle\" \/><param name=\"flashvars\" value=\"video=http:\/\/cdn.cultureunplugged.com\/lg\/CHICKEN_ALA_CARTE.flv&amp;m=1081&amp;u=0&amp;thumb=http:\/\/cdn.cultureunplugged.com\/thumbnails\/lg\/1081.jpg&amp;sURL=http:\/\/www.cultureunplugged.com&amp;title=Chicken a la Carte&amp;from=Ferdinand Dimadura\" \/><param name=\"src\" value=\"http:\/\/www.cultureunplugged.com\/swf\/embedplayer.swf\" \/><param name=\"allowfullscreen\" value=\"true\" \/><param name=\"quality\" value=\"high\" \/><\/object><\/p>\n<div style=\"margin-top: 5px; text-align: justify;\"><a href=\"http:\/\/www.cultureunplugged.com\/play\/1081\/Chicken-a la Carte\" target=\"_blank\"><br \/>\n<\/a><\/div>\n","protected":false},"excerpt":{"rendered":"<p>Me llega este art\u00edculo sobre la crisis y los pol\u00edticos, y quiero compartirlo con vosotros. \u00a1Cu\u00e1nta raz\u00f3n ten\u00eda Hayek! Cuando entra el marketing con toda su fuerza en el discurso pol\u00edtico distorsionando la realidad, se acaba la democracia&#8230; Somos mareados ad nauseam con sofismas que nos alejan de la verdad y nos acaban quitando la [&hellip;]<\/p>\n","protected":false},"author":334,"featured_media":0,"comment_status":"open","ping_status":"open","sticky":false,"template":"","format":"standard","meta":{"footnotes":""},"categories":[10593,7965],"tags":[87718,10721,87727,10789],"class_list":["post-407","post","type-post","status-publish","format-standard","hentry","category-politica","category-videos","tag-crisis","tag-ley-electoral","tag-politica","tag-union-europea"],"_links":{"self":[{"href":"https:\/\/blog.iese.edu\/nuriachinchilla\/wp-json\/wp\/v2\/posts\/407","targetHints":{"allow":["GET"]}}],"collection":[{"href":"https:\/\/blog.iese.edu\/nuriachinchilla\/wp-json\/wp\/v2\/posts"}],"about":[{"href":"https:\/\/blog.iese.edu\/nuriachinchilla\/wp-json\/wp\/v2\/types\/post"}],"author":[{"embeddable":true,"href":"https:\/\/blog.iese.edu\/nuriachinchilla\/wp-json\/wp\/v2\/users\/334"}],"replies":[{"embeddable":true,"href":"https:\/\/blog.iese.edu\/nuriachinchilla\/wp-json\/wp\/v2\/comments?post=407"}],"version-history":[{"count":1,"href":"https:\/\/blog.iese.edu\/nuriachinchilla\/wp-json\/wp\/v2\/posts\/407\/revisions"}],"predecessor-version":[{"id":1695,"href":"https:\/\/blog.iese.edu\/nuriachinchilla\/wp-json\/wp\/v2\/posts\/407\/revisions\/1695"}],"wp:attachment":[{"href":"https:\/\/blog.iese.edu\/nuriachinchilla\/wp-json\/wp\/v2\/media?parent=407"}],"wp:term":[{"taxonomy":"category","embeddable":true,"href":"https:\/\/blog.iese.edu\/nuriachinchilla\/wp-json\/wp\/v2\/categories?post=407"},{"taxonomy":"post_tag","embeddable":true,"href":"https:\/\/blog.iese.edu\/nuriachinchilla\/wp-json\/wp\/v2\/tags?post=407"}],"curies":[{"name":"wp","href":"https:\/\/api.w.org\/{rel}","templated":true}]}}