{"id":5831,"date":"2013-12-28T01:00:12","date_gmt":"2013-12-27T23:00:12","guid":{"rendered":"https:\/\/blog.iese.edu\/nuriachinchilla\/?p=5831"},"modified":"2014-01-10T10:30:35","modified_gmt":"2014-01-10T08:30:35","slug":"razones-para-la-esperanza-2","status":"publish","type":"post","link":"https:\/\/blog.iese.edu\/nuriachinchilla\/2013\/12\/razones-para-la-esperanza-2\/","title":{"rendered":"Razones para la esperanza"},"content":{"rendered":"<p>Guerras, escasez, pobreza, enfermedades, cat\u00e1strofes, corrupci\u00f3n, delitos\u2026 Las noticias que recibimos\u00a0a trav\u00e9s de\u00a0los medios de comunicaci\u00f3n en este mundo que vivimos hace que uno se lo piense\u00a0dos veces antes de tener hijos.<\/p>\n<p>Pero \u00bfseguro que\u00a0es todo tan negativo en la \u00e9poca <img loading=\"lazy\" decoding=\"async\" class=\"alignleft size-medium wp-image-5864\" alt=\"jesus3\" src=\"https:\/\/blog.iese.edu\/nuriachinchilla\/files\/2013\/12\/jesus3-284x300.jpg\" width=\"284\" height=\"300\" srcset=\"https:\/\/blog.iese.edu\/nuriachinchilla\/files\/2013\/12\/jesus3-284x300.jpg 284w, https:\/\/blog.iese.edu\/nuriachinchilla\/files\/2013\/12\/jesus3.jpg 474w\" sizes=\"auto, (max-width: 284px) 100vw, 284px\" \/>que cae hace mucho m\u00e1s ruido que un bosque que crece\u2026<br \/>\nEste anuncio de Unilever\u00a0 presenta algunos avances de la humanidad, y anima a los padres para que no tengan miedo a tener hijos.\u00a0Europa est\u00e1\u00a0inmersa en un invierno demogr\u00e1fico donde, desgraciadamente, a pesar de la alegr\u00eda por la reciente reforma\u00a0de la ley del aborto hacia una mayor protecci\u00f3n del ni\u00f1o no nacido (<strong><a title=\"foror\" href=\"https:\/\/blog.iese.edu\/nuriachinchilla\/files\/2013\/12\/nota-de-prensa.pdf\" target=\"_blank\">ver resumen de prensa del Foro de la Familia,<\/a><\/strong>\u00a0 y anterior post sobre este\u00a0tema <strong>\u00ab<a title=\"amor sin rem\" href=\"https:\/\/blog.iese.edu\/nuriachinchilla\/2010\/07\/amor-sin-remordimiento\/\" target=\"_blank\">Amor sin remordimientos<\/a><\/strong>\u00ab)<strong>, \u00a0<a title=\"unilever\" href=\"http:\/\/www.forumlibertas.com\/frontend\/forumlibertas\/noticia.php?id_noticia=28104\" target=\"_blank\">Espa\u00f1a sigue encabezando <\/a><\/strong>la lista del pa\u00eds donde m\u00e1s crece el n\u00famero de Santos Inocentes (m\u00e1s de 110.00 abortos al a\u00f1o segun\u00a0el \u00faltimo<strong>\u00a0<a title=\"mm\" href=\"http:\/\/www.msssi.gob.es\/profesionales\/saludPublica\/prevPromocion\/embarazo\/tablas_figuras.htm\" target=\"_blank\">informe del Ministerio<\/a><\/strong>)<strong> . <\/strong>Hoy se celebra su d\u00eda\u00a0y se necesitan m\u00e1s mensajes como \u00e9stos, que den esperanza y sean \u00a1cantos a la vida!<\/p>\n<p>&nbsp;<\/p>\n<iframe class='xavier' width='100%' height='400' frameborder='0' allow='fullscreen' allowfullscreen src='https:\/\/www.youtube.com\/embed\/rrugLBL8Qd0'><\/iframe>\n","protected":false},"excerpt":{"rendered":"<p>Guerras, escasez, pobreza, enfermedades, cat\u00e1strofes, corrupci\u00f3n, delitos\u2026 Las noticias que recibimos\u00a0a trav\u00e9s de\u00a0los medios de comunicaci\u00f3n en este mundo que vivimos hace que uno se lo piense\u00a0dos veces antes de tener hijos. Pero \u00bfseguro que\u00a0es todo tan negativo en la \u00e9poca que cae hace mucho m\u00e1s ruido que un bosque que crece\u2026 Este anuncio de [&hellip;]<\/p>\n","protected":false},"author":334,"featured_media":0,"comment_status":"open","ping_status":"open","sticky":false,"template":"","format":"standard","meta":{"footnotes":""},"categories":[28270,10580,10584,37115,70614,10595,1,40489],"tags":[70786,70785,67633,70782,70783,70784,70781],"class_list":["post-5831","post","type-post","status-publish","format-standard","hentry","category-amor","category-capital-humano","category-ecologia-humana-social","category-generaciones","category-sostenibilidad-2","category-superacion","category-uncategorized","category-vida","tag-avances-humanidad","tag-foro-de-la-familia","tag-hijos","tag-ive","tag-no-nacidos","tag-reforma-ley-aborto","tag-unilever"],"_links":{"self":[{"href":"https:\/\/blog.iese.edu\/nuriachinchilla\/wp-json\/wp\/v2\/posts\/5831","targetHints":{"allow":["GET"]}}],"collection":[{"href":"https:\/\/blog.iese.edu\/nuriachinchilla\/wp-json\/wp\/v2\/posts"}],"about":[{"href":"https:\/\/blog.iese.edu\/nuriachinchilla\/wp-json\/wp\/v2\/types\/post"}],"author":[{"embeddable":true,"href":"https:\/\/blog.iese.edu\/nuriachinchilla\/wp-json\/wp\/v2\/users\/334"}],"replies":[{"embeddable":true,"href":"https:\/\/blog.iese.edu\/nuriachinchilla\/wp-json\/wp\/v2\/comments?post=5831"}],"version-history":[{"count":21,"href":"https:\/\/blog.iese.edu\/nuriachinchilla\/wp-json\/wp\/v2\/posts\/5831\/revisions"}],"predecessor-version":[{"id":5910,"href":"https:\/\/blog.iese.edu\/nuriachinchilla\/wp-json\/wp\/v2\/posts\/5831\/revisions\/5910"}],"wp:attachment":[{"href":"https:\/\/blog.iese.edu\/nuriachinchilla\/wp-json\/wp\/v2\/media?parent=5831"}],"wp:term":[{"taxonomy":"category","embeddable":true,"href":"https:\/\/blog.iese.edu\/nuriachinchilla\/wp-json\/wp\/v2\/categories?post=5831"},{"taxonomy":"post_tag","embeddable":true,"href":"https:\/\/blog.iese.edu\/nuriachinchilla\/wp-json\/wp\/v2\/tags?post=5831"}],"curies":[{"name":"wp","href":"https:\/\/api.w.org\/{rel}","templated":true}]}}