{"id":6890,"date":"2014-10-16T13:19:33","date_gmt":"2014-10-16T11:19:33","guid":{"rendered":"https:\/\/blog.iese.edu\/nuriachinchilla\/?p=6890"},"modified":"2014-10-20T10:42:43","modified_gmt":"2014-10-20T08:42:43","slug":"celebrar-la-familia-celebrar-mi-familia","status":"publish","type":"post","link":"https:\/\/blog.iese.edu\/nuriachinchilla\/2014\/10\/celebrar-la-familia-celebrar-mi-familia\/","title":{"rendered":"Celebrar la familia, celebrar mi familia"},"content":{"rendered":"<div id=\"attachment_6903\" style=\"width: 310px\" class=\"wp-caption alignleft\"><img loading=\"lazy\" decoding=\"async\" aria-describedby=\"caption-attachment-6903\" class=\"wp-image-6903 size-medium\" src=\"https:\/\/blog.iese.edu\/nuriachinchilla\/files\/2014\/10\/Multifruti-2012-486-300x200.jpg\" alt=\"Multifruti 2012 486\" width=\"300\" height=\"200\" srcset=\"https:\/\/blog.iese.edu\/nuriachinchilla\/files\/2014\/10\/Multifruti-2012-486-300x200.jpg 300w, https:\/\/blog.iese.edu\/nuriachinchilla\/files\/2014\/10\/Multifruti-2012-486-1024x682.jpg 1024w, https:\/\/blog.iese.edu\/nuriachinchilla\/files\/2014\/10\/Multifruti-2012-486.jpg 1944w\" sizes=\"auto, (max-width: 300px) 100vw, 300px\" \/><p id=\"caption-attachment-6903\" class=\"wp-caption-text\">Foto familiar con mi hija y mi marido<\/p><\/div>\n<p>Este <strong>domingo 19 de octubre<\/strong> concurren varios hechos importantes para mi familia: el <strong>30 aniversario de nuestro matrimonio<\/strong> y el <strong>25 aniversario del nacimiento de nuestra hija<\/strong>. Con gran alegr\u00eda puedo decir que, como todos, hemos pasado momentos buenos y no tan buenos, pero que la felicidad que conlleva<strong> la fidelidad al matrimonio<\/strong> es motivo de una profunda <strong>celebraci\u00f3n interior. <\/strong>Agradezco a Dios el haber tenido la dicha de nacer en una familia unida, as\u00ed como por haber podido construir d\u00eda a d\u00eda mi familia con su ayuda.<\/p>\n<div id=\"attachment_6904\" style=\"width: 160px\" class=\"wp-caption alignright\"><img loading=\"lazy\" decoding=\"async\" aria-describedby=\"caption-attachment-6904\" class=\"wp-image-6904 size-thumbnail\" src=\"https:\/\/blog.iese.edu\/nuriachinchilla\/files\/2014\/10\/IMG_2197-150x150.jpg\" alt=\"IMG_2197\" width=\"150\" height=\"150\" \/><p id=\"caption-attachment-6904\" class=\"wp-caption-text\">Mi marido Felipe Ferrer<\/p><\/div>\n<p>Casualmente, esta semana <strong>concurren celebraciones importantes<\/strong> para todas <strong>las familias del mundo<\/strong>. Est\u00e1n en marcha los trabajos y reuniones del <a title=\"sinodo\" href=\"http:\/\/www.familiam.org\/famiglia_esp\/iglesia\/00005683_Sinodo_sobre_la_Familia.html\" target=\"_blank\"><strong>S\u00ednodo de la Familia<\/strong><\/a> y, como broche de oro, este mismo domingo 19 de octubre, tendr\u00e1 lugar la<strong> beatificaci\u00f3n de Pablo VI,<\/strong> que tanto impuls\u00f3 la civilizaci\u00f3n del amor forjada en la familia a trav\u00e9s de la <strong>enc\u00edclica Humanae Vitae.<\/strong><\/p>\n<div id=\"attachment_6906\" style=\"width: 160px\" class=\"wp-caption alignleft\"><img loading=\"lazy\" decoding=\"async\" aria-describedby=\"caption-attachment-6906\" class=\"wp-image-6906 size-thumbnail\" src=\"https:\/\/blog.iese.edu\/nuriachinchilla\/files\/2014\/10\/madreNuriaCHN-150x150.png\" alt=\"madreNuriaCHN\" width=\"150\" height=\"150\" \/><p id=\"caption-attachment-6906\" class=\"wp-caption-text\">Mi madre Nuria Albiol<\/p><\/div>\n<p>Adem\u00e1s todos estos acontecimientos se celebran en el 2014, que es el a\u00f1o proclamado por la ONU para la celebraci\u00f3n del <a title=\"articulok\" href=\"http:\/\/undesadspd.org\/Family\/InternationalObservances\/TwentiethAnniversaryofIYF2014.aspx\" target=\"_blank\"><strong>20 aniversario del a\u00f1o Internacional de la Familia.<\/strong><\/a> A trav\u00e9s de la<a title=\"plataf\" href=\"http:\/\/plataformaonu2014.com\/plataformaonu\/\" target=\"_blank\"><strong> Plataforma por la Familia Catalunya-ONU<\/strong> <\/a>venimos trabajando los temas desde hace dos a\u00f1os con varias conferencias y eventos. El <strong>2 de diciembre de 2014 tendremos el acto de clausura<\/strong>. <a title=\"preprog\" href=\"https:\/\/blog.iese.edu\/nuriachinchilla\/?attachment_id=6905\" target=\"_blank\"><strong>Aqu\u00ed ten\u00e9is el pre-programa<\/strong>.<\/a> !Est\u00e1is todos invitados!<\/p>\n<p>Mi amiga <strong>Beatriz Brice\u00f1o<\/strong>, en su<a title=\"poiu\" href=\"http:\/\/reportecatolicolaico.com\/?p=764\" target=\"_blank\"><strong> post sobre Pablo VI,<\/strong><\/a> cita las sabias palabras de <strong>Jean Vanier<\/strong> (suizo con proyecci\u00f3n internacional): <em>\u201cEstoy profundamente convencido de que la familia es la <strong>portadora de la esperanza hoy en d\u00eda.<\/strong> Al mismo tiempo, estoy asustado porque veo unas <strong>fuerzas destructivas<\/strong> inmensas que la atacan, levantando<strong> barreras entre el hombre y la mujer<\/strong>: falta de confianza entre los dos, as\u00ed como <strong>barreras relativas a la fertilidad y a la esperanza<\/strong>; barreras contra la familia, que est\u00e1 llamada a ser un oasis, un lugar de vida y sosiego para una sociedad sufriente y angustiada (\u2026) Estamos ante un mundo donde la guerra y la divisi\u00f3n son enormes. Pero sabemos que <strong>la familia est\u00e1 llamada a ser fuente de paz, de compasi\u00f3n<\/strong> para tanta gente que se siente sola aislada y culpable\u00bb.<\/em><\/p>\n<div id=\"attachment_6902\" style=\"width: 150px\" class=\"wp-caption alignleft\"><img loading=\"lazy\" decoding=\"async\" aria-describedby=\"caption-attachment-6902\" class=\"wp-image-6902\" src=\"https:\/\/blog.iese.edu\/nuriachinchilla\/files\/2014\/10\/beibi-i-nuria-168x300.jpg\" alt=\"beibi i nuria\" width=\"140\" height=\"250\" srcset=\"https:\/\/blog.iese.edu\/nuriachinchilla\/files\/2014\/10\/beibi-i-nuria-168x300.jpg 168w, https:\/\/blog.iese.edu\/nuriachinchilla\/files\/2014\/10\/beibi-i-nuria-576x1024.jpg 576w, https:\/\/blog.iese.edu\/nuriachinchilla\/files\/2014\/10\/beibi-i-nuria.jpg 1536w\" sizes=\"auto, (max-width: 140px) 100vw, 140px\" \/><p id=\"caption-attachment-6902\" class=\"wp-caption-text\">Con mi hija Beibi, m\u00e9dico<\/p><\/div>\n<p>El <a title=\"kkloi\" href=\"https:\/\/www.alvaro14.org\/index.php\/es\/\" target=\"_blank\"><strong>Beato \u00c1lvaro del Portillo<\/strong><\/a>, dec\u00eda que <em>\u201csi la familia puede y debe ser<strong> protagonista de la paz, e influir decisivamente en la vida de las naciones<\/strong>, ha de cumplir una condici\u00f3n ineludible: que no pierda -m\u00e1s a\u00fan, que incremente constantemente\u2013 sus valores propios: la <strong>solidaridad, el esp\u00edritu de sacrificio, el cari\u00f1o y la entrega de unos a otros<\/strong>, de manera que cada uno de sus miembros no piense en s\u00ed mismo, sino en el bien de los dem\u00e1s.<\/em>\u201d Y en el art\u00edculo \u201cSal, luz y fermento\u201d, sobre la tarea de los laicos en la misi\u00f3n de la Iglesia (Roma, 1989) subrayaba:<em> \u201cLa sociedad ser\u00e1 m\u00e1s fraterna si <strong>los hombres aprenden en la familia a sacrificarse unos por otros<\/strong>. Habr\u00e1 m\u00e1s <strong>tolerancia y respeto en las relaciones humanas<\/strong>, en la medida que se comprendan los padres y los hijos. La <strong>lealtad<\/strong> ganar\u00e1 terreno en la vida social si se valora tambi\u00e9n la<strong> fidelidad entre los c\u00f3nyuges.<\/strong> Y el <strong>materialismo estar\u00e1 en retirada<\/strong>, cuando el norte de la felicidad familiar no sea el<strong> creciente consumo<\/strong>.\u201d<\/em><br \/>\nHablando de la <strong>misi\u00f3n de la familia en la sociedad<\/strong>, uno de los temas m\u00e1s controvertidos en la historia de la Iglesia fue la enc\u00edclica <a title=\"kkk\" href=\"http:\/\/www.vatican.va\/holy_father\/paul_vi\/encyclicals\/documents\/hf_p-vi_enc_25071968_humanae-vitae_en.html\" target=\"_blank\"><strong>Humane Vitae de Pablo VI (link)<\/strong><\/a>. En muchos sentidos fue prof\u00e9tica, levant\u00f3 mucha controversia y se la tach\u00f3 de exagerada, pero todas las consecuencias que preve\u00eda por no respetar la vida se han ido comprobando unas d\u00e9cadas despu\u00e9s: los <strong>divorcios<\/strong>, las <strong>infidelidades<\/strong>, los <strong>abortos<\/strong>, el abuso de medios anticonceptivos como pol\u00edtica de estado, la <strong>cultura de la muerte<\/strong> y los <strong>problemas sociales<\/strong> que se han derivado: <strong>invierno demogr\u00e1fico<\/strong>, <strong>falta de esperanza<\/strong>, la <strong>p\u00e9rdida del respeto a la mujer.<\/strong>..<\/p>\n<p>Aqu\u00ed ten\u00e9is un v\u00eddeo que incoa el tema:<\/p>\n<iframe class='xavier' width='100%' height='400' frameborder='0' allow='fullscreen' allowfullscreen src='https:\/\/www.youtube.com\/embed\/iL3tMdX03Zg'><\/iframe>\n<p>Me parecen muy interesantes el resumen de los 5 temas claves del s\u00ednodo hasta ahora recogidos por <a title=\"rr\" href=\"http:\/\/www.romereports.com\/pg158621-los-5-puntos-clave-que-el-sinodo-ya-ha-tratado-es\" target=\"_blank\"><strong>Rome reports<\/strong><\/a> :<\/p>\n<p>1. <strong>Comunicaci\u00f3n:<\/strong> P. Thomas Rosica, Portavoz del Vaticano:\u00a0 \u00abDecir a las personas que viven en pecado, que tienen un desorden intr\u00ednseco o una mentalidad contraceptiva no ayuda a acercar a la gente a Cristo. Tampoco a que acojan el mensaje de la Iglesia\u201d.<\/p>\n<p>2. <strong>Ley de la gradualidad<\/strong>: Card. Vincent Nichols Arzobispo de Westminster (Reino Unido) \u00abPermite y anima a las personas, a todos nosotros, a avanzar con tiempo en nuestra b\u00fasqueda de santidad\u201d.<\/p>\n<p>3.<strong> No atacar:<\/strong> P. Manuel Dorantes, Portavoz del Vaticano: \u00abLa Iglesia se concentr\u00f3 mucho en el justo rechazo al matrimonio homosexual y esto impidi\u00f3 desarrollar una propuesta m\u00e1s rica y atractiva. \u00c9l dec\u00eda que nos debemos enfocar m\u00e1s en lo positivo que en lo negativo, m\u00e1s en el valor atractivo que en la prohibici\u00f3n, m\u00e1s en la propuesta que en la norma\u201d.<\/p>\n<p>4. <strong>Sexualidad y espiritualidad:<\/strong> P. Manuel Dorantes, Portavoz del Vaticano: \u00abTanto se habl\u00f3 en contra de la sexualidad fuera del matrimonio que la sexualidad matrimonial parece una imperfecci\u00f3n permitida. No debemos luchar contra el sexo, sino proponer una aut\u00e9ntica sexualidad, que es camino de santificaci\u00f3n\u201d.<\/p>\n<p>5. <strong>Aprender de la historia:<\/strong> P. Thomas Rosica, Portavoz del Vaticano: \u00abPor ejemplo, es importante conocer el Evangelio y saber c\u00f3mo usarlo. Porque citamos a menudo fragmentos como que el hombre debe abandonar a padre y madre para casarse y dejarlo todo. Tambi\u00e9n es importante conocer c\u00f3mo se habla del divorcio en el Nuevo Testamento\u201d.<\/p>\n<p>Para <strong>celebrar la familia<\/strong> tambi\u00e9n hay que contar con el <strong>sentido del humor,<\/strong> indispensable para una vida alegre. Desde Irlanda, a punto de salir hacia el Women&#8217;s Forum de Deauville, os env\u00edo este v\u00eddeo de c\u00f3mo amar al otro con sus defectos, clave para el amor duradero y perdurable\u2026 \u201c<em>No hay verdadera caridad (amor) <strong>si no queremos a los dem\u00e1s<\/strong> como son, <strong>tambi\u00e9n con sus defectos\u201d<\/strong> <strong>(Beato \u00c1lvaro del Portillo).\u00a0<\/strong> <\/em><em><br \/>\n<\/em><\/p>\n<iframe class='xavier' width='100%' height='400' frameborder='0' allow='fullscreen' allowfullscreen src='https:\/\/www.youtube.com\/embed\/VdJIvrO8LgY'><\/iframe>\n","protected":false},"excerpt":{"rendered":"<p>Este domingo 19 de octubre concurren varios hechos importantes para mi familia: el 30 aniversario de nuestro matrimonio y el 25 aniversario del nacimiento de nuestra hija. Con gran alegr\u00eda puedo decir que, como todos, hemos pasado momentos buenos y no tan buenos, pero que la felicidad que conlleva la fidelidad al matrimonio es motivo [&hellip;]<\/p>\n","protected":false},"author":334,"featured_media":0,"comment_status":"open","ping_status":"open","sticky":false,"template":"","format":"standard","meta":{"footnotes":""},"categories":[28270,10580,62500,18979,10584,12054,10587,10677,37115,10589,10731,60609,10592,66727,70660,38975,1,10597,40489,7965],"tags":[83864,83861,83859,83858,83862,81886,87724,87731,83860,81900,83863,87742,83865,64479,81882,66682,83857,10775,87750],"class_list":["post-6890","post","type-post","status-publish","format-standard","hentry","category-amor","category-capital-humano","category-complementariedad","category-cristianismo","category-ecologia-humana-social","category-etica","category-familia","category-fidelidad","category-generaciones","category-igualdad","category-maternidad","category-matrimonio","category-mujer","category-padre","category-papa-francisco","category-paz","category-uncategorized","category-valores","category-vida","category-videos","tag-abortos","tag-acto-de-clausura","tag-beatificacion-pablo-vi","tag-beato-alvaro-del-portillo","tag-consumismo","tag-divorcios","tag-familia","tag-fidelidad","tag-humanae-vitae","tag-invierno-demografico","tag-materialismo","tag-matrimonio","tag-metodos-anticonceptivos","tag-paz-2","tag-plataforma-per-la-familia-catalunya-onu-2014","tag-rome-reports","tag-sinodo-de-la-familia","tag-sociedad","tag-xx-aniversario-ano-internacional-de-la-familia"],"_links":{"self":[{"href":"https:\/\/blog.iese.edu\/nuriachinchilla\/wp-json\/wp\/v2\/posts\/6890","targetHints":{"allow":["GET"]}}],"collection":[{"href":"https:\/\/blog.iese.edu\/nuriachinchilla\/wp-json\/wp\/v2\/posts"}],"about":[{"href":"https:\/\/blog.iese.edu\/nuriachinchilla\/wp-json\/wp\/v2\/types\/post"}],"author":[{"embeddable":true,"href":"https:\/\/blog.iese.edu\/nuriachinchilla\/wp-json\/wp\/v2\/users\/334"}],"replies":[{"embeddable":true,"href":"https:\/\/blog.iese.edu\/nuriachinchilla\/wp-json\/wp\/v2\/comments?post=6890"}],"version-history":[{"count":38,"href":"https:\/\/blog.iese.edu\/nuriachinchilla\/wp-json\/wp\/v2\/posts\/6890\/revisions"}],"predecessor-version":[{"id":6926,"href":"https:\/\/blog.iese.edu\/nuriachinchilla\/wp-json\/wp\/v2\/posts\/6890\/revisions\/6926"}],"wp:attachment":[{"href":"https:\/\/blog.iese.edu\/nuriachinchilla\/wp-json\/wp\/v2\/media?parent=6890"}],"wp:term":[{"taxonomy":"category","embeddable":true,"href":"https:\/\/blog.iese.edu\/nuriachinchilla\/wp-json\/wp\/v2\/categories?post=6890"},{"taxonomy":"post_tag","embeddable":true,"href":"https:\/\/blog.iese.edu\/nuriachinchilla\/wp-json\/wp\/v2\/tags?post=6890"}],"curies":[{"name":"wp","href":"https:\/\/api.w.org\/{rel}","templated":true}]}}