{"id":7025,"date":"2014-11-13T12:22:59","date_gmt":"2014-11-13T10:22:59","guid":{"rendered":"https:\/\/blog.iese.edu\/nuriachinchilla\/?p=7025"},"modified":"2020-06-15T09:37:43","modified_gmt":"2020-06-15T08:37:43","slug":"cerebro-de-hombre-cerebro-de-mujer-son-diferentes","status":"publish","type":"post","link":"https:\/\/blog.iese.edu\/nuriachinchilla\/2014\/11\/cerebro-de-hombre-cerebro-de-mujer-son-diferentes\/","title":{"rendered":"Cerebro de hombre, cerebro de mujer: \u00bfson diferentes?"},"content":{"rendered":"<p><img loading=\"lazy\" decoding=\"async\" class=\"alignleft wp-image-7031 size-thumbnail\" src=\"https:\/\/blog.iese.edu\/nuriachinchilla\/files\/2014\/11\/Picture1-150x150.jpg\" alt=\"Picture1\" width=\"150\" height=\"150\" \/>Ayer en la conferencia del<strong> IWILL (IESE Women International Leadership Lounge),<\/strong> nuestra plataforma\u00a0 de lobbying para mujeres directivas, antiguas alumnas del IESE y sus amigas, present\u00e9 la Conferencia<strong> \u201cCerebro de hombre, cerebro de mujer, bases cient\u00edficas de la diferencia\u00bb. <\/strong>Para ello me bas\u00e9\u00a0 en los trabajos de la<strong> Dra.<\/strong> <strong>M. Jos\u00e9 Garc\u00eda-Celma<\/strong>, profesora de la Facultad de Farmacia de la Universidad de Barcelona a\u00ed como en los trabajos de la <strong>Dra. Natalia L\u00f3pez-Moratalla,<\/strong> investigadora y profesora de la Universidad de Navarra, nuestra <em>alma mater<\/em>. (Si quer\u00e9is seguir profundizando en estos temas, pod\u00e9is introduciros en su<a title=\"blog\" href=\"http:\/\/blogs.lainformacion.com\/cronicas-de-la-ciencia\/2011\/01\/11\/en-los-medios\/\" target=\"_blank\" rel=\"noopener noreferrer\"> <strong>blog (link<\/strong>)<\/a> \u00a1\u00a1Vale la pena!!).<\/p>\n<p>El <strong>dimorfismo sexual<\/strong> es un hecho necesario para la transmisi\u00f3n de la vida y la variabilidad biol\u00f3gica, que es riqueza. Tambi\u00e9n es un hecho mil veces constatado que <strong>el cerebro humano no es unisex, ni gen\u00e9tica, ni anat\u00f3mica, ni funcionalmente<\/strong>. Los estudios sobre estas diferencias se van multiplicando desde 1980, provenientes de diferentes \u00e1reas de la ciencia: medicina, neurociencia, bioqu\u00edmica, gen\u00e9tica, biolog\u00eda molecular, psicolog\u00eda, farmacolog\u00eda, toxicolog\u00eda&#8230;<\/p>\n<p><strong><img loading=\"lazy\" decoding=\"async\" class=\"alignright size-thumbnail wp-image-7033\" src=\"https:\/\/blog.iese.edu\/nuriachinchilla\/files\/2014\/11\/Picture2-150x150.jpg\" alt=\"Picture2\" width=\"150\" height=\"150\" \/>El cerebro humano con sus 100.000 millones de neuronas<\/strong> tiene una enorme plasticidad. Es un \u00f3rgano maleable e inacabado al nacer, que <strong>va evolucionando <\/strong>durante toda la vida. No as\u00ed<strong> el cerebro animal, que queda atado toda su vida a los c\u00f3digos de comportamiento, iguales para todos sus cong\u00e9neres,<\/strong> que permiten su supervivencia y el mantenimiento de la especie. La persona, por ser libre, \u00abafloja esas ataduras\u00bb.<\/p>\n<p>Para que llegue a alcanzarse la madurez neuronal, han de establecerse miles de millones de conexiones \u00ednter neuronales (sinapsis). Para llevar a t\u00e9rmino este proceso lo decisivo es la actividad neuronal personal. Es decir,<strong> sobre una predisposici\u00f3n natural, diferente en ambos sexos, es la vida personal la que configura un cerebro arm\u00f3nico o no<\/strong>. Nuestros<strong> pensamientos y decisiones libres<\/strong> van dejando su <strong>huella<\/strong> y conformando el complejo mapa de redes secundarias por las que fluye la informaci\u00f3n y nuestra respuesta.<\/p>\n<p><img loading=\"lazy\" decoding=\"async\" class=\"alignleft size-thumbnail wp-image-7032\" src=\"https:\/\/blog.iese.edu\/nuriachinchilla\/files\/2014\/11\/Picture3-150x150.jpg\" alt=\"Picture3\" width=\"150\" height=\"150\" \/>La <strong>neuroplasticidad<\/strong> es la que permite los <strong>aprendizajes positivos o negativos<\/strong> tras las decisiones. Ante un conflicto o disyuntiva, o bien seguimos el mismo cableado al que nos invita la motivaci\u00f3n espont\u00e1nea, o bien <strong>generamos un nuevo cableado, una nueva red secundaria,<\/strong> gracias a la motivaci\u00f3n racional. En cierto modo, al igual que se dice con respecto a la expresi\u00f3n facial, mutatis mutandis podemos afirmar que,<strong> con el tiempo, cada uno tiene \u00abel cerebro que se merece\u00bb.<\/strong><\/p>\n<p>El desarrollo del cerebro tiene que ver con la <strong>informaci\u00f3n gen\u00e9tica<\/strong>, con las se\u00f1ales que recibe el ni\u00f1o del <strong>entorno familiar y cultural,<\/strong> y en definitiva, con la <strong>biograf\u00eda personal.<\/strong><\/p>\n<p>La diferencia en la concentraci\u00f3n de hormonas parece ser la base molecular de las peque\u00f1as pero <strong>significativas diferencias anat\u00f3micas<\/strong> del cerebro de los varones y las mujeres, sobre el cableado inicial, innato.<\/p>\n<p>En la<strong> etapa prenatal<\/strong> la llegada de la testosterona al cerebro del<strong> feto var\u00f3n a las 8 semanas<\/strong> cambia el tama\u00f1o de las estructuras cerebrales (el cerebro de la mujer es m\u00e1s peque\u00f1o), destruye las c\u00e9lulas de \u00e1reas relacionadas con la comunicaci\u00f3n, e induce la proliferaci\u00f3n de \u00e1reas relacionadas con<strong> impulsos sexuales<\/strong> y <strong>centros de agresi\u00f3n<\/strong>.<\/p>\n<p>En la <strong>etapa infantil<\/strong>, los<strong> estr\u00f3genos<\/strong> activan en las <strong>ni\u00f1as<\/strong> las \u00e1reas dedicadas a la <strong>observaci\u00f3n, comunicaci\u00f3n<\/strong> especialmente <strong>oral y cerebro maternal<\/strong> (motivaci\u00f3n, atenci\u00f3n, protecci\u00f3n). La <strong>testosterona<\/strong> hace al ni\u00f1o menos sensible a las emociones y a la relaci\u00f3n social. Tambi\u00e9n en <strong>la pubertad<\/strong> ocurren cambios en el cerebro XX o XY.<\/p>\n<p><img loading=\"lazy\" decoding=\"async\" class=\"alignright size-thumbnail wp-image-7034\" src=\"https:\/\/blog.iese.edu\/nuriachinchilla\/files\/2014\/11\/Picture4-150x150.png\" alt=\"Picture4\" width=\"150\" height=\"150\" \/>El funcionamiento del<strong> cerebro femenino<\/strong> es<strong> sim\u00e9trico<\/strong>, es decir, se activan <strong>ambos hemisferios a la vez<\/strong> (el izquierdo y el derecho). El funcionamiento dle cerebro <strong>masculino<\/strong> es <strong>asim\u00e9trico<\/strong>. Poner en marcha un razonamiento no supone en ellos activar al mismo tiempo las emociones. Consiguientemente, unos y otros desarrollan diferentes habilidades:<\/p>\n<p>&#8211; La estrategia femenina en <strong>temas visoespaciales<\/strong> es predominantemente de \u201crecuerdo y reconocimiento\u201d, mientras que la masculina es la de \u201cconstruir\u201d manipulando mentalmente el objeto con el fin de reorientarlo en el espacio.<br \/>\n&#8211; Las mujeres aventajan a los hombres en<strong> fluidez verbal.<\/strong><br \/>\n&#8211; Las mujeres superan a los hombres en los movimientos finos y secuenciales de los dedos.<br \/>\n&#8211; Los hombres son m\u00e1s h\u00e1biles arrojando objetos con precisi\u00f3n y m\u00e1s r\u00e1pidos al tomar decisiones.<br \/>\n&#8211; Las mujeres est\u00e1n m\u00e1s en los<strong> detalles<\/strong> y tienen mejor memoria a corto plazo.<\/p>\n<p>Tambi\u00e9n existen diferencias espec\u00edficas en el <strong>procesamiento de las emociones, <\/strong>lo que lleva a que:<\/p>\n<p>&#8211; Las <strong>mujeres<\/strong> sean m\u00e1s <strong>vulnerables<\/strong> que los hombres <strong>a la presi\u00f3n psicol\u00f3gica que suponen los conflictos interpersonales.<\/strong><br \/>\n&#8211; Las mujeres son m\u00e1s <strong>susceptibles a la depresi\u00f3n<\/strong>, des\u00f3rdenes de<strong> ansiedad y transtornos de la alimentaci\u00f3n<\/strong>.<br \/>\n&#8211; El <strong>estr\u00e9s agudo<\/strong> facilita el<strong> aprendizaje<\/strong> y la memoria en los chicos<strong> y lo<\/strong> <strong>reduce en las chicas.<\/strong><br \/>\n&#8211; El <strong>estr\u00e9s cr\u00f3nico afecta m\u00e1s a los varones<\/strong> que a las mujeres.<br \/>\n&#8211; Varones y mujeres usan diferentes estrategias para comprender la <strong>expresi\u00f3n facial<\/strong> de las emociones de alegr\u00eda y tristeza.<br \/>\n&#8211; Las <strong>mujeres recuerdan emociones<\/strong> y los <strong>varones recuerdan acontecimientos.<\/strong> (Por eso a las mujeres les cuesta m\u00e1s perdonar).<br \/>\n&#8211; Los<strong> cerebros femeninos<\/strong> predisponen a la<strong> empat\u00eda<\/strong> y los<strong> masculinos<\/strong> a la<strong> sistematizaci\u00f3n.<\/strong><\/p>\n<p>Las diferencias sexuales en el cerebro destacan el <strong>aspecto complementario<\/strong> de la mujer y del var\u00f3n en la familia, en la empresa y en la sociedad. Como muestra de estas diferencias, evidenciadas en la llamada <strong>intuici\u00f3n femenina,<\/strong> os invito a ver este spot publicitario <strong>\u00a1A las madres no se las puede enga\u00f1ar!<\/strong><\/p>\n<iframe class='xavier' width='100%' height='400' frameborder='0' allow='fullscreen' allowfullscreen src='https:\/\/www.youtube.com\/embed\/yuU6gcbG8FI'><\/iframe>\n<p><a href=\"https:\/\/blog.iese.edu\/nuriachinchilla\/wp-admin\/post.php?post=9030&amp;action=edit\">Nuria Chinchilla es profesora de <span style=\"color: #ff0000\">Direcci\u00f3n de Personas en las Organizaciones<\/span> en <span style=\"color: #ff0000\">IESE Business School.<\/span><\/a><\/p>\n","protected":false},"excerpt":{"rendered":"<p>Ayer en la conferencia del IWILL (IESE Women International Leadership Lounge), nuestra plataforma\u00a0 de lobbying para mujeres directivas, antiguas alumnas del IESE y sus amigas, present\u00e9 la Conferencia \u201cCerebro de hombre, cerebro de mujer, bases cient\u00edficas de la diferencia\u00bb. Para ello me bas\u00e9\u00a0 en los trabajos de la Dra. M. Jos\u00e9 Garc\u00eda-Celma, profesora de la [&hellip;]<\/p>\n","protected":false},"author":334,"featured_media":0,"comment_status":"open","ping_status":"open","sticky":false,"template":"","format":"standard","meta":{"footnotes":""},"categories":[10580,62500,10585,10587,10589,10592,1,7965],"tags":[83892,10631,83879,83881,83880,87723,83885,83886,83889,83891,83887,12057,19,154,83883,83882,83878,83888,87726,83877,83890,83884,11337,10790],"class_list":["post-7025","post","type-post","status-publish","format-standard","hentry","category-capital-humano","category-complementariedad","category-educacion","category-familia","category-igualdad","category-mujer","category-uncategorized","category-videos","tag-asimetria-cerebral","tag-capital-humano-y-social","tag-cerebro-hombre","tag-cerebro-humano","tag-cerebro-mujer","tag-educacion","tag-etapa-infantil","tag-etapa-prenatal","tag-femenino","tag-hemisferios","tag-hormonas","tag-icwf","tag-iese","tag-iese-business-school","tag-iese-women-international-leadership-lounge","tag-iwill","tag-maria-jose-celma","tag-masculino","tag-mujer","tag-natalia-lopez-moratalla","tag-neuroloia","tag-neuroplasticidad","tag-nuria-chinchilla","tag-universidad-de-navarra"],"_links":{"self":[{"href":"https:\/\/blog.iese.edu\/nuriachinchilla\/wp-json\/wp\/v2\/posts\/7025","targetHints":{"allow":["GET"]}}],"collection":[{"href":"https:\/\/blog.iese.edu\/nuriachinchilla\/wp-json\/wp\/v2\/posts"}],"about":[{"href":"https:\/\/blog.iese.edu\/nuriachinchilla\/wp-json\/wp\/v2\/types\/post"}],"author":[{"embeddable":true,"href":"https:\/\/blog.iese.edu\/nuriachinchilla\/wp-json\/wp\/v2\/users\/334"}],"replies":[{"embeddable":true,"href":"https:\/\/blog.iese.edu\/nuriachinchilla\/wp-json\/wp\/v2\/comments?post=7025"}],"version-history":[{"count":17,"href":"https:\/\/blog.iese.edu\/nuriachinchilla\/wp-json\/wp\/v2\/posts\/7025\/revisions"}],"predecessor-version":[{"id":12194,"href":"https:\/\/blog.iese.edu\/nuriachinchilla\/wp-json\/wp\/v2\/posts\/7025\/revisions\/12194"}],"wp:attachment":[{"href":"https:\/\/blog.iese.edu\/nuriachinchilla\/wp-json\/wp\/v2\/media?parent=7025"}],"wp:term":[{"taxonomy":"category","embeddable":true,"href":"https:\/\/blog.iese.edu\/nuriachinchilla\/wp-json\/wp\/v2\/categories?post=7025"},{"taxonomy":"post_tag","embeddable":true,"href":"https:\/\/blog.iese.edu\/nuriachinchilla\/wp-json\/wp\/v2\/tags?post=7025"}],"curies":[{"name":"wp","href":"https:\/\/api.w.org\/{rel}","templated":true}]}}