{"id":7489,"date":"2015-03-12T17:06:55","date_gmt":"2015-03-12T15:06:55","guid":{"rendered":"https:\/\/blog.iese.edu\/nuriachinchilla\/?p=7489"},"modified":"2015-03-17T17:30:04","modified_gmt":"2015-03-17T15:30:04","slug":"en-marzo-doble-celebracion","status":"publish","type":"post","link":"https:\/\/blog.iese.edu\/nuriachinchilla\/2015\/03\/en-marzo-doble-celebracion\/","title":{"rendered":"En marzo, doble celebraci\u00f3n"},"content":{"rendered":"<p>El <strong>8 de marzo<\/strong> celebr\u00e1bamos el <strong>d\u00eda internacional de la Mujer<\/strong>, con un evento de reflexi\u00f3n sobre las mujeres en los Consejos de Administraci\u00f3n (<a title=\"hyg\" href=\"https:\/\/blog.iese.edu\/nuriachinchilla\/2015\/03\/2015-el-ano-de-las-consejeras\/\" target=\"_blank\"><strong>vid. anterior post<\/strong>)<\/a>. Este mismo mes de marzo, dado que la mujer y la vida est\u00e1n \u00edntimamente relacionados, celebraremos tambi\u00e9n el <a title=\"dia de la vida\" href=\"http:\/\/sialavida25m.org\/dia-de-la-vida\/\" target=\"_blank\"><strong>D\u00eda Internacional de la Vida<\/strong><\/a>. Ser\u00e1 el <strong>25 de marzo<\/strong>.<\/p>\n<p>Las empresas est\u00e1n empezando a entender que si quieren seguir contando con el <strong>talento femenino<\/strong> deben facilitar <strong>medidas de conciliaci\u00f3n familiar<\/strong>. Este es el caso del <strong>grupo Vodafone<\/strong>, que acaba de anunciar una nueva pol\u00edtica para <strong>facilitar<\/strong> a sus empleadas <strong>el regreso al trabajo<\/strong> tras una <strong>baja maternal<\/strong>: adem\u00e1s de mejorar las condiciones del permiso, les permitir\u00e1 trabajar menos horas a la semana con el mismo sueldo durante los seis meses siguientes a su incorporaci\u00f3n (<a title=\"gbt\" href=\"http:\/\/www.aceprensa.com\/m\/articles\/ayudas-para-volver-al-trabajo-tras-una-baja-maternal\/\" target=\"_blank\"><strong>link a la noticia<\/strong><\/a>). Esta medida fue pionera en Espa\u00f1a en el a\u00f1o 2000 cuando todav\u00eda la empresa se llamaba<strong> Airtel<\/strong> y se empezaba a barruntar que<strong> \u00abla conciliaci\u00f3n\u00bb<\/strong> (t\u00e9rmino entonces muy poco conocido en su acepci\u00f3n actual) pod\u00eda ser una manera de retener la<strong> fuga de talento femenino,<\/strong> en un mercado con gran movilidad entre empresas, como era entonces el sector de las telecomunicaciones. Otra forma de facilitar la vuelta al trabajo tras una baja por maternidad son los <strong>programas de reinserci\u00f3n laboral,<\/strong> cada vez m\u00e1s habituales en el sector financiero (<strong>Goldman Sachs y Morgan Stanley<\/strong>).<\/p>\n<p>Este s\u00e1bado, <strong>14 de marzo,<\/strong> la sociedad civil, descontenta por la <strong>deficiente protecci\u00f3n del<em> nasciturus<\/em> <\/strong>(\u00abel que nacer\u00e1\u00bb, seg\u00fan los romanos), saldr\u00e1 masivamente, una vez m\u00e1s, por las calles de Madrid para manifestarse por la vida, la mujer y la maternidad. (<a title=\"jyun\" href=\"http:\/\/www.cadavidaimporta.es\/\" target=\"_blank\"><strong>M\u00e1s informaci\u00f3n en este link con el video animando a que nos unamos)<\/strong><\/a><a title=\"gtr\" href=\"https:\/\/youtu.be\/flZcphOlHEw\" target=\"_blank\">.<\/a><\/p>\n<p>Hace bastante tiempo tambi\u00e9n se cre\u00f3 una plataforma para conseguir que se haga justicia con los abortos ilegales en el llamado <strong>caso Mor\u00edn. <a title=\"hyt\" href=\"http:\/\/plataformaporlavida.org\/quienes-somos\/\" target=\"_blank\">Aqu\u00ed <\/a><\/strong>ten\u00e9is la web por si quer\u00e9is apoyar la iniciativa: la <strong>macro causa<\/strong> <strong>mayor de la historia de Europa por abortos ilegales.<\/strong><\/p>\n<p>Toda vida tiene un valor incalculable, \u00fanico e irrepetible. <a title=\"fer\" href=\"https:\/\/youtu.be\/pRTGUFtfrM0\" target=\"_blank\"><strong>Aqu\u00ed ten\u00e9is el trailer<\/strong><\/a> de la historia de <strong>Marie Heurtin<\/strong>, sorda y ciega de nacimiento, que se estrena el <strong>23 de marzo.<\/strong><\/p>\n<p>La belleza en los primeros momentos de la vida queda reflejada en estos dos v\u00eddeos: en los <strong>primeros meses de vida antes del nacimiento<\/strong>, cuando ya se puede \u201chablar\u201d con el hermanito que ha de nacer y en el <strong>primer a\u00f1o de vida despu\u00e9s del nacimiento.<\/strong> \u00a1Disfrutadlos!<\/p>\n<iframe class='xavier' width='100%' height='400' frameborder='0' allow='fullscreen' allowfullscreen src='https:\/\/www.youtube.com\/embed\/rvY5Xe_2zzA'><\/iframe>\n<iframe class='xavier' width='100%' height='400' frameborder='0' allow='fullscreen' allowfullscreen src='https:\/\/www.youtube.com\/embed\/Crk2lcfxZts'><\/iframe>\n","protected":false},"excerpt":{"rendered":"<p>El 8 de marzo celebr\u00e1bamos el d\u00eda internacional de la Mujer, con un evento de reflexi\u00f3n sobre las mujeres en los Consejos de Administraci\u00f3n (vid. anterior post). Este mismo mes de marzo, dado que la mujer y la vida est\u00e1n \u00edntimamente relacionados, celebraremos tambi\u00e9n el D\u00eda Internacional de la Vida. Ser\u00e1 el 25 de marzo. [&hellip;]<\/p>\n","protected":false},"author":334,"featured_media":0,"comment_status":"open","ping_status":"open","sticky":false,"template":"","format":"standard","meta":{"footnotes":""},"categories":[28270,10580,10581,38950,10584,12887,1582,10587,37115,10731,10592,66727,62499,70614,10595,10596,1,10597,40489,7965],"tags":[10631,10645,87724,12057,19,154,11337,10780,87728,87729,87741],"class_list":["post-7489","post","type-post","status-publish","format-standard","hentry","category-amor","category-capital-humano","category-conciliacion","category-discapacitados","category-ecologia-humana-social","category-empleo","category-empresa","category-familia","category-generaciones","category-maternidad","category-mujer","category-padre","category-responsabilidad-familiar-corporativa","category-sostenibilidad-2","category-superacion","category-trabajo","category-uncategorized","category-valores","category-vida","category-videos","tag-capital-humano-y-social","tag-cultura-de-la-vida","tag-familia","tag-icwf","tag-iese","tag-iese-business-school","tag-nuria-chinchilla","tag-sostenibilidad","tag-superacion","tag-valores","tag-vida"],"_links":{"self":[{"href":"https:\/\/blog.iese.edu\/nuriachinchilla\/wp-json\/wp\/v2\/posts\/7489","targetHints":{"allow":["GET"]}}],"collection":[{"href":"https:\/\/blog.iese.edu\/nuriachinchilla\/wp-json\/wp\/v2\/posts"}],"about":[{"href":"https:\/\/blog.iese.edu\/nuriachinchilla\/wp-json\/wp\/v2\/types\/post"}],"author":[{"embeddable":true,"href":"https:\/\/blog.iese.edu\/nuriachinchilla\/wp-json\/wp\/v2\/users\/334"}],"replies":[{"embeddable":true,"href":"https:\/\/blog.iese.edu\/nuriachinchilla\/wp-json\/wp\/v2\/comments?post=7489"}],"version-history":[{"count":16,"href":"https:\/\/blog.iese.edu\/nuriachinchilla\/wp-json\/wp\/v2\/posts\/7489\/revisions"}],"predecessor-version":[{"id":7508,"href":"https:\/\/blog.iese.edu\/nuriachinchilla\/wp-json\/wp\/v2\/posts\/7489\/revisions\/7508"}],"wp:attachment":[{"href":"https:\/\/blog.iese.edu\/nuriachinchilla\/wp-json\/wp\/v2\/media?parent=7489"}],"wp:term":[{"taxonomy":"category","embeddable":true,"href":"https:\/\/blog.iese.edu\/nuriachinchilla\/wp-json\/wp\/v2\/categories?post=7489"},{"taxonomy":"post_tag","embeddable":true,"href":"https:\/\/blog.iese.edu\/nuriachinchilla\/wp-json\/wp\/v2\/tags?post=7489"}],"curies":[{"name":"wp","href":"https:\/\/api.w.org\/{rel}","templated":true}]}}