{"id":7594,"date":"2015-04-09T16:50:26","date_gmt":"2015-04-09T14:50:26","guid":{"rendered":"https:\/\/blog.iese.edu\/nuriachinchilla\/?p=7594"},"modified":"2015-04-13T17:43:08","modified_gmt":"2015-04-13T15:43:08","slug":"espectacular-avance-para-la-conciliacion-la-nueva-ley-catalana-de-horarios","status":"publish","type":"post","link":"https:\/\/blog.iese.edu\/nuriachinchilla\/2015\/04\/espectacular-avance-para-la-conciliacion-la-nueva-ley-catalana-de-horarios\/","title":{"rendered":"Espectacular avance para la conciliaci\u00f3n: la nueva ley catalana de horarios"},"content":{"rendered":"<p><img loading=\"lazy\" decoding=\"async\" class=\"alignleft wp-image-7613 size-medium\" src=\"https:\/\/blog.iese.edu\/nuriachinchilla\/files\/2015\/04\/CCJFgXXWEAAI2_n-300x169.jpg\" alt=\"CCJFgXXWEAAI2_n\" width=\"300\" height=\"169\" srcset=\"https:\/\/blog.iese.edu\/nuriachinchilla\/files\/2015\/04\/CCJFgXXWEAAI2_n-300x169.jpg 300w, https:\/\/blog.iese.edu\/nuriachinchilla\/files\/2015\/04\/CCJFgXXWEAAI2_n.jpg 1024w\" sizes=\"auto, (max-width: 300px) 100vw, 300px\" \/>Para el avance de la <strong>mujer en la empresa<\/strong> es condici\u00f3n indispensable que las <strong>estructuras empresariales y sociales permitan la conciliaci\u00f3n de la vida laboral y familiar<\/strong>. Un gran paso se est\u00e1 dando en Catalu\u00f1a con la <strong>presentaci\u00f3n<\/strong> ayer del <a title=\"anuario\" href=\"https:\/\/blog.iese.edu\/nuriachinchilla\/files\/2015\/04\/anuari_reforma-horaria_4.pdf\" target=\"_blank\"><strong>Anuario de la Iniciativa para la Reforma Horaria (link),<\/strong><\/a> ya en la mitad del proceso que empez\u00f3 a principios del 2014 y esperamos cerrar en septiembre 2016. La <a title=\"reforma \" href=\"http:\/\/www.reformahoraria.cat\/#!documents\/c1yjb\" target=\"_blank\"><strong>Reforma Horaria (link)<\/strong> <\/a>es una iniciativa de la sociedad civil dirigida por Fabi\u00e1n Mohedano, con la que el Consejero de Presidencia del Gobierno de Catalu\u00f1a, <strong>Francesc Homs<\/strong>, se ha comprometido este mi\u00e9rcoles a dejar lista antes de las elecciones de septiembre una propuesta de pacto que siente las bases para, si fuera el caso, impulsar una ley de los horarios laborales a partir del pr\u00f3ximo mes de septiembre.<\/p>\n<p>Hoy hemos presentado el <a title=\"concl\" href=\"https:\/\/blog.iese.edu\/nuriachinchilla\/files\/2015\/04\/Informe-Final-Comissio\u0301-dEstudi-Parlament-de-Catalunya.pdf\" target=\"_blank\"><strong>Informe de Conclusiones (link)<\/strong><\/a> de los 6 meses de trabajo de la <strong>Comisi\u00f3n de Estudio de la Reforma Horaria del Parlamento catal\u00e1n (de la que ya hablamos en <a title=\"blog\" href=\"https:\/\/blog.iese.edu\/nuriachinchilla\/2015\/01\/lo-primero-es-lo-primero\/\" target=\"_blank\">anterior post \u00ablo primero es lo primero\u00bb link).<\/a><\/strong> La frase m\u00e1s repetida ha sido: \u201ces un <strong>win-win<\/strong> para todos\u201d. El <strong>consenso<\/strong> ha sido ampl\u00edsimo. Todos los colores del arco parlamentario est\u00e1n a favor de esta iniciativa y con \u00e1nimo de empezar a aplicar algunas <img loading=\"lazy\" decoding=\"async\" class=\"alignright wp-image-7599 size-medium\" src=\"https:\/\/blog.iese.edu\/nuriachinchilla\/files\/2015\/04\/CCJEL2FWgAAOtd0-300x169.jpg\" alt=\"CCJEL2FWgAAOtd0\" width=\"300\" height=\"169\" srcset=\"https:\/\/blog.iese.edu\/nuriachinchilla\/files\/2015\/04\/CCJEL2FWgAAOtd0-300x169.jpg 300w, https:\/\/blog.iese.edu\/nuriachinchilla\/files\/2015\/04\/CCJEL2FWgAAOtd0.jpg 1024w\" sizes=\"auto, (max-width: 300px) 100vw, 300px\" \/>de las propuestas en el uso del tiempo por los mismos diputados.<\/p>\n<p>La Presidenta de dicha Comisi\u00f3n, la diputada <strong>Agn\u00e8s Russinyol<\/strong>, ha subrayado que pocas materias generan tanto consenso a nivel parlamentario, y ha felicitado por los frutos de la Comisi\u00f3n.<\/p>\n<p>La <strong>Reforma Horaria<\/strong> es una iniciativa transversal impulsada por 5 grandes palancas: <strong>el trabajo, la administraci\u00f3n, la cultura, el comercio y la educaci\u00f3n.<\/strong><\/p>\n<p>La <strong>vuelta al huso horario que nos corresponde<\/strong> por nuestro meridiano, es decir el huso de Gran Breta\u00f1a (Greenwich) y no el de Alemania (al que nos adherimos durante la Segunda Guerra Mundial), ser\u00eda muy beneficioso para todos. Aunque es una medida que tambi\u00e9n respalda la iniciativa Reforma Horaria, no es competencia de la C\u00e1mara catalana, sino del Congreso de los diputados espa\u00f1ol.<\/p>\n<p>La iniciativa tiene como objetivo prioritario <strong>adelantar la hora de comer,<\/strong> reduciendo su duraci\u00f3n y, en consecuencia, adelantar tambi\u00e9n la <strong>hora de salir del trabajo<\/strong> y de<strong> cenar<\/strong>. Las jornadas laborales m\u00e1s compactadas y no tan partidas, as\u00ed como flexibles a la hora de entrar y salir del trabajo, tiene<strong> m\u00faltiples beneficios.<\/strong> Entre ellos se encuentran el aumento de la productividad, el aumento del n\u00famero de horas de sue\u00f1o, (26% de la poblaci\u00f3n duerme menos horas de las recomendadas), menor estr\u00e9s, menor fracaso escolar, mejor salud f\u00edsica y an\u00edmica, as\u00ed como una mejor calidad de vida al ganar tiempo para las relaciones familiares y sociales, el deporte, el ocio y la cultura.<\/p>\n<p>El presidente del Consell de Treball Econ\u00f2mic i Social, Llu\u00eds Franco, destac\u00f3 ayer que la racionalizaci\u00f3n de horarios ayuda a la competitividad y genera un <strong>\u00abbeneficio mutuo entre los trabajadores y empresarios<\/strong>\u00ab.<br \/>\nEn Catalunya el 88% de los trabajadores tiene horario fijo o variable fijado por la empresa. El <strong>grupo Damm<\/strong> se suma a las empresas que ya han cambiado a un modelo de horario m\u00e1s racional. Han pasado de un horario r\u00edgido de 09:00 a 19.00 a la <strong>flexibilizaci\u00f3n de los horarios<\/strong> de entrada entre las 08:00 y las 9,30 y\u00a0 salida entre las 17:00 y las 19:00, con la opci\u00f3n de tener media hora para comer, incluso acabando a las 15:00 los viernes. Todo ello ha evidenciado la responsabilidad de los trabajadores, que han <strong>aumentado un 10% su productividad,<\/strong> seg\u00fan explica en el informe el director de Servicios Corporativos del Grupo Damm, Marcial Navarro. Esperemos que muchas empresas se inspiren con esta buena pr\u00e1ctica.<\/p>\n<p>&nbsp;<\/p>\n","protected":false},"excerpt":{"rendered":"<p>Para el avance de la mujer en la empresa es condici\u00f3n indispensable que las estructuras empresariales y sociales permitan la conciliaci\u00f3n de la vida laboral y familiar. Un gran paso se est\u00e1 dando en Catalu\u00f1a con la presentaci\u00f3n ayer del Anuario de la Iniciativa para la Reforma Horaria (link), ya en la mitad del proceso [&hellip;]<\/p>\n","protected":false},"author":334,"featured_media":0,"comment_status":"open","ping_status":"open","sticky":false,"template":"","format":"standard","meta":{"footnotes":""},"categories":[10580,10581,12887,1582,14318,10587,70670,62498,10589,10593,62499,70614,10596,1,10597],"tags":[10631,87537,70805,87749,12057,19,154,87536,11337,1624,66715,10790],"class_list":["post-7594","post","type-post","status-publish","format-standard","hentry","category-capital-humano","category-conciliacion","category-empleo","category-empresa","category-estrategia","category-familia","category-greenwich","category-horarios","category-igualdad","category-politica","category-responsabilidad-familiar-corporativa","category-sostenibilidad-2","category-trabajo","category-uncategorized","category-valores","tag-capital-humano-y-social","tag-damm","tag-fabian-mohedano","tag-greenwich","tag-icwf","tag-iese","tag-iese-business-school","tag-iniciativa-per-la-reforma-horaria","tag-nuria-chinchilla","tag-productividad","tag-responsabilidad-familiar-corporativa-2","tag-universidad-de-navarra"],"_links":{"self":[{"href":"https:\/\/blog.iese.edu\/nuriachinchilla\/wp-json\/wp\/v2\/posts\/7594","targetHints":{"allow":["GET"]}}],"collection":[{"href":"https:\/\/blog.iese.edu\/nuriachinchilla\/wp-json\/wp\/v2\/posts"}],"about":[{"href":"https:\/\/blog.iese.edu\/nuriachinchilla\/wp-json\/wp\/v2\/types\/post"}],"author":[{"embeddable":true,"href":"https:\/\/blog.iese.edu\/nuriachinchilla\/wp-json\/wp\/v2\/users\/334"}],"replies":[{"embeddable":true,"href":"https:\/\/blog.iese.edu\/nuriachinchilla\/wp-json\/wp\/v2\/comments?post=7594"}],"version-history":[{"count":15,"href":"https:\/\/blog.iese.edu\/nuriachinchilla\/wp-json\/wp\/v2\/posts\/7594\/revisions"}],"predecessor-version":[{"id":7614,"href":"https:\/\/blog.iese.edu\/nuriachinchilla\/wp-json\/wp\/v2\/posts\/7594\/revisions\/7614"}],"wp:attachment":[{"href":"https:\/\/blog.iese.edu\/nuriachinchilla\/wp-json\/wp\/v2\/media?parent=7594"}],"wp:term":[{"taxonomy":"category","embeddable":true,"href":"https:\/\/blog.iese.edu\/nuriachinchilla\/wp-json\/wp\/v2\/categories?post=7594"},{"taxonomy":"post_tag","embeddable":true,"href":"https:\/\/blog.iese.edu\/nuriachinchilla\/wp-json\/wp\/v2\/tags?post=7594"}],"curies":[{"name":"wp","href":"https:\/\/api.w.org\/{rel}","templated":true}]}}