{"id":8341,"date":"2015-11-26T01:45:06","date_gmt":"2015-11-25T23:45:06","guid":{"rendered":"https:\/\/blog.iese.edu\/nuriachinchilla\/?p=8341"},"modified":"2015-11-26T15:39:42","modified_gmt":"2015-11-26T13:39:42","slug":"ahogar-el-mal-en-abundancia-de-bien","status":"publish","type":"post","link":"https:\/\/blog.iese.edu\/nuriachinchilla\/2015\/11\/ahogar-el-mal-en-abundancia-de-bien\/","title":{"rendered":"Ahogar el mal en abundancia de bien"},"content":{"rendered":"<p><img loading=\"lazy\" decoding=\"async\" class=\"alignleft size-medium wp-image-8353\" src=\"https:\/\/blog.iese.edu\/nuriachinchilla\/files\/2015\/11\/0_17225_1-300x224.jpg\" alt=\"\" width=\"300\" height=\"224\" srcset=\"https:\/\/blog.iese.edu\/nuriachinchilla\/files\/2015\/11\/0_17225_1-300x224.jpg 300w, https:\/\/blog.iese.edu\/nuriachinchilla\/files\/2015\/11\/0_17225_1.jpg 448w\" sizes=\"auto, (max-width: 300px) 100vw, 300px\" \/>Ayer <strong>25 de noviembre<\/strong> aterric\u00e9 en Tokio donde voy a dar unas conferencias<strong>,\u00a0<\/strong> coincidiendo con el d\u00eda internacional de la <strong>eliminaci\u00f3n de la violencia contra la mujer.<\/strong> Es una conmemoraci\u00f3n triste si uno se fija en los datos proporcionados por la <a href=\"http:\/\/www.un.org\/es\/events\/endviolenceday\/\" target=\"_blank\"><strong>ONU (link)<\/strong><\/a>: El 35% de las <strong>mujeres y las ni\u00f1as<\/strong> sufren alguna <strong>forma de violencia f\u00edsica o sexual<\/strong> a lo largo de sus vidas. En algunos pa\u00edses esta cifra asciende al 70%. Por ello la <strong>violencia contra la mujer<\/strong> se califica como<strong> pandemia global. <\/strong>Hay <strong>4,5 millones de personas<\/strong> que son <strong>v\u00edctimas de trata sexual forzada,<\/strong> de ellas el <strong>98% son mujeres y ni\u00f1as.<\/strong> Se calcula que <strong>133 millones de ni\u00f1as<\/strong> y mujeres han sufrido alguna forma de <strong>mutilaci\u00f3n genital<\/strong> en los 29 pa\u00edses de \u00c1frica y Oriente Medio. En el mundo, en la actualidad, m\u00e1s de<strong> 700 millones<\/strong> de<strong> mujeres se casaron cuando eran ni\u00f1as,<\/strong> de las cuales 250 millones eran menores de 15 a\u00f1os. Las ni\u00f1as que contraen matrimonio <strong>antes de cumplir los 18<\/strong> tienen menos probabilidades de terminar su educaci\u00f3n y m\u00e1s de sufrir violencia dom\u00e9stica y complicaciones en el parto.Lo peor es que las <strong>consecuencias de la violencia<\/strong> de g\u00e9nero <strong>perduran generaciones<\/strong>.<\/p>\n<p>La violencia contra la mujer es una <strong>violaci\u00f3n de los derechos humanos,<\/strong> y es consecuencia en muchos casos de <strong>leyes discriminatorias e injustas,<\/strong> y en otros casos es consecuencia de falta de regulaci\u00f3n y acci\u00f3n pol\u00edtica en muchos sectores (<strong>drogas, trata, matrimonios forzados, pornograf\u00eda, prostituci\u00f3n, educaci\u00f3n<\/strong> de la mujer y del hombre). Esta violencia impide el avance de la<strong> erradicaci\u00f3n de la pobreza, la lucha contra el sida, la paz y la seguridad.<\/strong><\/p>\n<p>Pero la violencia contra las mujeres y las ni\u00f1as se puede evitar. <strong>La prevenci\u00f3n es esencial<\/strong> y posible si se hace una reflexi\u00f3n sobre las causas y sobre c\u00f3mo erradicarlas.<\/p>\n<p>Una primera propuesta sencilla: en vez de hablar de violencia, se deber\u00eda hablar del <strong>d\u00eda del respeto y dignidad de la mujer,<\/strong> ya que el subconsciente se queda con la palabra que ve (violencia) y no con la negaci\u00f3n o su contrario. Es mucho m\u00e1s f\u00e1cil liderar un cambio<strong> centr\u00e1ndonos en la actitud que queremos generar (respeto)<\/strong> que en la que no queremos generar o queremos <strong>evitar (violencia)<\/strong>.<\/p>\n<p><img loading=\"lazy\" decoding=\"async\" class=\"alignleft size-medium wp-image-8355\" src=\"https:\/\/blog.iese.edu\/nuriachinchilla\/files\/2015\/11\/violencia-contra-las-mujeres-300x208.png\" alt=\"violencia-contra-las-mujeres\" width=\"300\" height=\"208\" srcset=\"https:\/\/blog.iese.edu\/nuriachinchilla\/files\/2015\/11\/violencia-contra-las-mujeres-300x208.png 300w, https:\/\/blog.iese.edu\/nuriachinchilla\/files\/2015\/11\/violencia-contra-las-mujeres.png 640w\" sizes=\"auto, (max-width: 300px) 100vw, 300px\" \/>Una segunda observaci\u00f3n es que vivimos en una sociedad que <strong>trivializa la violencia, el sexo y el uso de la mujer como objeto sexual<\/strong>, tanto en los medios de comunicaci\u00f3n como en pel\u00edculas, video-juegos, anuncios&#8230; Se deber\u00eda proponer <strong>modelos de relaci\u00f3n entre hombres y mujeres positivos, respetuosos, pac\u00edficos y constructivos<\/strong>, que en estos momentos brillan por su ausencia.<\/p>\n<p>Los datos de las<strong> nuevas generaciones<\/strong> son preocupantes: seg\u00fan un estudio de la universidad de Valencia<a href=\"http:\/\/www.elmundo.es\/sociedad\/2015\/11\/23\/565330b2e2704e171e8b45d3.html\" target=\"_blank\"><strong> 9 de cada 10 adolescentes reconoce haber ejercido violencia psicol\u00f3gica en sus parejas (link).<\/strong> <\/a>Un dato alarmante en una sociedad en la que s\u00f3lo est\u00e1 preocupada por dar educaci\u00f3n de derechos sexuales y reproductivos y no <strong>psicol\u00f3gico-afectivos<\/strong> a los ni\u00f1os, la base para mantener relaciones respetuosas. La mayor\u00eda sabe como usar preservativos pero no sabe c\u00f3mo tener una <strong>relaci\u00f3n afectiva verdaderamente sana y estable.<\/strong><\/p>\n<p>Para prevenir la violencia, <strong>la educaci\u00f3n que se da en la familia y en la escuela es fundamental,<\/strong> si se fomenta la<strong> autoestima, y se educa en valores.<\/strong> En los contenidos educativos de los adolescentes el tema de las relaciones deber\u00eda ser prioritario.<\/p>\n<p>Algunas de las <strong>causas de la violencia<\/strong> se deben a las <strong>drogas, al alcohol y a la pornograf\u00eda, prostituci\u00f3n.<\/strong> Todos ellos son <strong>catalizadores de la violencia<\/strong> contra las mujeres. Luchar contra ellos atenuar\u00eda mucho los casos de violencia.<\/p>\n<p>Hay<strong> realidades m\u00e1s dif\u00edciles de erradicar<\/strong> como los episodios traum\u00e1ticos, abusos de infancia, falta de justicia, pobreza\u2026<img loading=\"lazy\" decoding=\"async\" class=\"alignright size-medium wp-image-8354\" src=\"https:\/\/blog.iese.edu\/nuriachinchilla\/files\/2015\/11\/UNTF_OrangeSplotch-ES-300x176.png\" alt=\"UNTF_OrangeSplotch-ES\" width=\"300\" height=\"176\" srcset=\"https:\/\/blog.iese.edu\/nuriachinchilla\/files\/2015\/11\/UNTF_OrangeSplotch-ES-300x176.png 300w, https:\/\/blog.iese.edu\/nuriachinchilla\/files\/2015\/11\/UNTF_OrangeSplotch-ES-1024x602.png 1024w\" sizes=\"auto, (max-width: 300px) 100vw, 300px\" \/><\/p>\n<p>En Espa\u00f1a la <strong>Ley Integral de Medidas contra la Violencia de G\u00e9nero<\/strong> del 2004 s\u00f3lo contempla la <strong>violencia dentro de las relaciones de pareja,<\/strong> no incluye ni las agresiones sexuales ni la trata sexual con fines de esclavitud ni el matrimonio forzoso o la mutilaci\u00f3n genital femenina <a href=\"http:\/\/www.europapress.es\/epsocial\/politica-social\/noticia-otras-formas-violencia-genero-no-recoge-legislacion-espanola-20151124170945.html\" target=\"_blank\"><strong>(link).<\/strong><\/a> En la pr\u00f3xima legislatura se deber\u00e1n integrar para cumplir el Convenio de Estambul ratificado en 2014 y las recomendaciones de la ONU. <strong>Los datos en Espa\u00f1a son poco alentadores<\/strong>: 2,5 Millones de <strong>v\u00edctimas en sus relaciones con sus parejas<\/strong>, m\u00e1s de <strong>3 violaciones diarias <\/strong>y 10.500 ni\u00f1as en riesgo en cuanto a la <strong>mutilaci\u00f3n genital femenina.<\/strong><\/p>\n<div id=\"attachment_8347\" style=\"width: 310px\" class=\"wp-caption alignleft\"><img loading=\"lazy\" decoding=\"async\" aria-describedby=\"caption-attachment-8347\" class=\"wp-image-8347 size-medium\" src=\"https:\/\/blog.iese.edu\/nuriachinchilla\/files\/2015\/11\/orange-ur-world-300x141.jpg\" alt=\"orange-ur-world\" width=\"300\" height=\"141\" srcset=\"https:\/\/blog.iese.edu\/nuriachinchilla\/files\/2015\/11\/orange-ur-world-300x141.jpg 300w, https:\/\/blog.iese.edu\/nuriachinchilla\/files\/2015\/11\/orange-ur-world.jpg 675w\" sizes=\"auto, (max-width: 300px) 100vw, 300px\" \/><p id=\"caption-attachment-8347\" class=\"wp-caption-text\">La Esfinge y las Pir\u00e1mides de Giza, el Empire State Building y el Palacio de la Paz en La Haya<\/p><\/div>\n<p>Con esta conmemoraci\u00f3n se inicia la campa\u00f1a de la ONU <a href=\"http:\/\/www.unwomen.org\/~\/media\/headquarters\/attachments\/sections\/what%20we%20do\/orange_the_world2015_unite_toolkit.pdf?v=1&amp;d=20150324T180336\" target=\"_blank\"><strong>\u00ab16 d\u00edas de activismo contra la violencia de g\u00e9nero\u00bb (link)<\/strong><\/a> que termina el 10 de diciembre. Esta campa\u00f1a tiene como objetivo llamar a la acci\u00f3n para <strong>poner fin a la violencia contra las mujeres y las ni\u00f1as en todo el mundo pintando el mundo de naranja<\/strong> (eventos y edificios emblem\u00e1ticos).<\/p>\n<p><strong>Pintemos de naranja nuestro mundo<\/strong> para acabar con esta pandemia, pero sobre todo pintemos siempre una sonrisa en los que nos rodean, <strong>ahogando el mal en abundancia de bien.<\/strong><\/p>\n<p>Aqu\u00ed ten\u00e9is un v\u00eddeo en que <strong>los abuelos<\/strong> desde su sabidur\u00eda y experiencia <strong>dan buenos consejos a sus hijos para que puedan entender y acoger esa etapa de crecimiento<\/strong> tan cr\u00edtica en la vida y, a veces, tan violenta:<strong> la adolescencia.<\/strong><\/p>\n<iframe class='xavier' width='100%' height='400' frameborder='0' allow='fullscreen' allowfullscreen src='https:\/\/www.youtube.com\/embed\/PcOJhJifn7I'><\/iframe>\n<p>&nbsp;<\/p>\n","protected":false},"excerpt":{"rendered":"<p>Ayer 25 de noviembre aterric\u00e9 en Tokio donde voy a dar unas conferencias,\u00a0 coincidiendo con el d\u00eda internacional de la eliminaci\u00f3n de la violencia contra la mujer. Es una conmemoraci\u00f3n triste si uno se fija en los datos proporcionados por la ONU (link): El 35% de las mujeres y las ni\u00f1as sufren alguna forma de [&hellip;]<\/p>\n","protected":false},"author":334,"featured_media":0,"comment_status":"open","ping_status":"open","sticky":false,"template":"","format":"standard","meta":{"footnotes":""},"categories":[28270,10580,62500,10584,10585,10587,37115,10589,10592,1,10597],"tags":[10631,87761,87723,12057,19,154,87764,87763,87765,87762,87729],"class_list":["post-8341","post","type-post","status-publish","format-standard","hentry","category-amor","category-capital-humano","category-complementariedad","category-ecologia-humana-social","category-educacion","category-familia","category-generaciones","category-igualdad","category-mujer","category-uncategorized","category-valores","tag-capital-humano-y-social","tag-dia-de-la-eliminacion-de-la-violencia-de-genero","tag-educacion","tag-icwf","tag-iese","tag-iese-business-school","tag-matrimonios-forzados","tag-mutilacion-genital","tag-onu-mujeres","tag-trata-sexual","tag-valores"],"_links":{"self":[{"href":"https:\/\/blog.iese.edu\/nuriachinchilla\/wp-json\/wp\/v2\/posts\/8341","targetHints":{"allow":["GET"]}}],"collection":[{"href":"https:\/\/blog.iese.edu\/nuriachinchilla\/wp-json\/wp\/v2\/posts"}],"about":[{"href":"https:\/\/blog.iese.edu\/nuriachinchilla\/wp-json\/wp\/v2\/types\/post"}],"author":[{"embeddable":true,"href":"https:\/\/blog.iese.edu\/nuriachinchilla\/wp-json\/wp\/v2\/users\/334"}],"replies":[{"embeddable":true,"href":"https:\/\/blog.iese.edu\/nuriachinchilla\/wp-json\/wp\/v2\/comments?post=8341"}],"version-history":[{"count":13,"href":"https:\/\/blog.iese.edu\/nuriachinchilla\/wp-json\/wp\/v2\/posts\/8341\/revisions"}],"predecessor-version":[{"id":8359,"href":"https:\/\/blog.iese.edu\/nuriachinchilla\/wp-json\/wp\/v2\/posts\/8341\/revisions\/8359"}],"wp:attachment":[{"href":"https:\/\/blog.iese.edu\/nuriachinchilla\/wp-json\/wp\/v2\/media?parent=8341"}],"wp:term":[{"taxonomy":"category","embeddable":true,"href":"https:\/\/blog.iese.edu\/nuriachinchilla\/wp-json\/wp\/v2\/categories?post=8341"},{"taxonomy":"post_tag","embeddable":true,"href":"https:\/\/blog.iese.edu\/nuriachinchilla\/wp-json\/wp\/v2\/tags?post=8341"}],"curies":[{"name":"wp","href":"https:\/\/api.w.org\/{rel}","templated":true}]}}