{"id":9801,"date":"2017-02-16T17:55:19","date_gmt":"2017-02-16T15:55:19","guid":{"rendered":"https:\/\/blog.iese.edu\/nuriachinchilla\/?p=9801"},"modified":"2017-02-16T18:22:25","modified_gmt":"2017-02-16T16:22:25","slug":"nativos-o-huerfanos-digitales","status":"publish","type":"post","link":"https:\/\/blog.iese.edu\/nuriachinchilla\/2017\/02\/nativos-o-huerfanos-digitales\/","title":{"rendered":"\u00bfNativos&#8230;o hu\u00e9rfanos digitales?"},"content":{"rendered":"<p>Si est\u00e1is leyendo este nuevo <em>post<\/em>, es posible que quer\u00e1is <strong>reenviarlo a vuestros contactos<\/strong> en alguna de las muchas <strong>redes sociales<\/strong> que todos utilizamos cada d\u00eda&#8230;twittearlo, colgarlo en Facebook&#8230; Son acciones que realizamos cada d\u00eda. Adem\u00e1s, los avances de la tecnolog\u00eda nos lo ponen cada vez m\u00e1s f\u00e1cil: nos guardan las contrase\u00f1as, nos recuerdan las p\u00e1ginas que hemos visitado, completan direcciones apenas empezamos a teclearlas&#8230; De hecho, al final de esta entrada encontrar\u00e9is los botones de varias de esas redes sociales. Os animo a que ve\u00e1is este v\u00eddeo:<\/p>\n<p style=\"text-align: center\"><iframe class='xavier' width='100%' height='400' frameborder='0' allow='fullscreen' allowfullscreen src='https:\/\/www.youtube.com\/embed\/oAW8f6UYJeE'><\/iframe>\n<p style=\"text-align: left\">En una carpa en el barrio de Dansaert en Bruselas le preguntaron a un grupo de personas si les importar\u00eda que el adivino Dave intentara leer sus pensamientos. \u00c9l \u00ablee\u00bb c\u00f3mo es su casa, qu\u00e9 clase de bicicletas tienen &#8230; y sus n\u00fameros de cuenta. Al final se evidencia c\u00f3mo pod\u00eda saberlo\u00a0todo. Son los llamados <em><strong>Data brokers <\/strong><\/em>o comerciantes de datos, nuestros datos. \u00bfC\u00f3mo se enfrenta un nativo digital a esta realidad que, seguramente, desconoce?<\/p>\n<h1 style=\"text-align: left\">Nuestros hijos y las TIC<\/h1>\n<p>En el <strong>I-WIL Lunch<\/strong> de este mes, mi amiga\u00a0<strong>Anna PLans<\/strong>, Directora de imagen y comunicaci\u00f3n en\u00a0<strong>Contel<\/strong>, \u00a0polit\u00f3loga y\u00a0gestora de procesos, marketing y personas,\u00a0nos habl\u00f3 de\u00a0<strong>\u201cPadres perdidos, hijos conectados. \u00bfQu\u00e9 hacer con las tecnolog\u00edas?\u201d <\/strong>Tras su exhaustivo trabajo de investigaci\u00f3n, para ella se hizo evidente que nuestros hijos no son solo nativos, sino tambi\u00e9n en muchos casos <strong>hu\u00e9rfanos digitales,\u00a0<\/strong>porque como padres hemos abandonado la responsabilidad de estar con ellos en las redes. Como es evidente que no podemos ir de la mano con ellos, no nos lo permitir\u00edan, Anna nos ofreci\u00f3 una serie de <strong>datos y puntos de reflexi\u00f3n<\/strong>\u00a0de las que os recuerdo algunas aqu\u00ed:<\/p>\n<ul>\n<li>Pornograf\u00eda: el mayor grupo de consumidores en internet es de entre 12 y 17 a\u00f1os. Los adolescentes \u00abaprenden\u00bb relaciones sexuales en internet a los 14 a\u00f1os: la mayor\u00eda no ha dado a\u00fan su primer beso. Se observa una sexualizaci\u00f3n precoz de\u00a0las ni\u00f1as.<\/li>\n<li>\u00a1Depredadores sexuales de 14 a\u00f1os!<\/li>\n<li>Ciberacoso: 82.000 menores de 16 a\u00f1os, alumnos de colegios e institutos p\u00fablicos, han sufrido\u00a0<em>cyberbullying.<\/em><\/li>\n<li>Suicidios de adolescentes y j\u00f3venes tras acoso o exposici\u00f3n sexual en las redes.<\/li>\n<li>Ni\u00f1os menores de 7 a\u00f1os ya involucrados en <em>sexting<\/em>, o env\u00edo de mensajes con im\u00e1genes sexuales.<\/li>\n<li><em>Groomers<\/em>: Adultos que se hacen pasar por menores para conseguir fotos comprometedoras y chantajear.<\/li>\n<\/ul>\n<p><a href=\"https:\/\/blog.iese.edu\/nuriachinchilla\/files\/2017\/02\/IMG-20170216-WA0003.jpg\"><img loading=\"lazy\" decoding=\"async\" class=\"size-medium wp-image-9816 aligncenter\" src=\"https:\/\/blog.iese.edu\/nuriachinchilla\/files\/2017\/02\/IMG-20170216-WA0003-300x225.jpg\" alt=\"IMG-20170216-WA0003\" width=\"300\" height=\"225\" srcset=\"https:\/\/blog.iese.edu\/nuriachinchilla\/files\/2017\/02\/IMG-20170216-WA0003-300x225.jpg 300w, https:\/\/blog.iese.edu\/nuriachinchilla\/files\/2017\/02\/IMG-20170216-WA0003-768x576.jpg 768w, https:\/\/blog.iese.edu\/nuriachinchilla\/files\/2017\/02\/IMG-20170216-WA0003.jpg 800w\" sizes=\"auto, (max-width: 300px) 100vw, 300px\" \/><\/a><\/p>\n<p>Como veis, el panorama no puede ser m\u00e1s alarmante. Nos llegan avisos de los colegios de nuestros hijos, polic\u00edas y otros expertos\u00a0les dan charlas sobre estos temas, y as\u00ed pensamos que est\u00e1n protegidos. No es as\u00ed. Puede que estemos haciendo de nuestros hijos unos hu\u00e9rfanos digitales. Los llamados nativos digitales no son tales, como explican <strong>Susana Lluna<\/strong> y <strong>Javier Pedreira<\/strong>, en su libro <strong><em>\u00abLos nativos digitales no existen\u00bb<\/em><\/strong>:<\/p>\n<blockquote><p><em>\u00abHoy en d\u00eda estamos acostumbrados a o\u00edr la expresi\u00f3n \u00abnativo digital\u00bb para referirse a los nacidos a partir de mediados de los noventa, quienes, supuestamente acostumbrados a la presencia de ordenadores y otros dispositivos digitales en sus vidas, <strong>no necesitan que nadie les ense\u00f1e a utilizarlos<\/strong>. Pero esto dista mucho de ser as\u00ed y es un error considerar a estas generaciones competentes en el uso de la tecnolog\u00eda por el mero hecho de haber nacido con ella. \u00bfAcaso por nacer en una familia que hable castellano dominamos el idioma?<\/em><\/p>\n<p><em>Muy al contrario, no se trata de una generaci\u00f3n especialmente dotada de conocimientos, habilidades o intereses en lo que al uso de las llamadas \u00abnuevas tecnolog\u00edas\u00bb se refiere, y cuando manejan programas distintos a Instagram, Snapchat, YouTube u otros que utilizan para descargarse m\u00fasica y pel\u00edculas, muchos de ellos son bastante torpes. M\u00e1s bien deber\u00edamos hablar de <strong>hu\u00e9rfanos digitales con una preocupante falta de formaci\u00f3n<\/strong>.<\/em><\/p><\/blockquote>\n<p><a href=\"https:\/\/blog.iese.edu\/nuriachinchilla\/files\/2017\/02\/paquete-de-iconos-flat-de-las-redes-sociales_1051-1087.jpg\"><img loading=\"lazy\" decoding=\"async\" class=\"size-medium wp-image-9811 aligncenter\" src=\"https:\/\/blog.iese.edu\/nuriachinchilla\/files\/2017\/02\/paquete-de-iconos-flat-de-las-redes-sociales_1051-1087-300x300.jpg\" alt=\"paquete-de-iconos-flat-de-las-redes-sociales_1051-1087\" width=\"300\" height=\"300\" srcset=\"https:\/\/blog.iese.edu\/nuriachinchilla\/files\/2017\/02\/paquete-de-iconos-flat-de-las-redes-sociales_1051-1087-300x300.jpg 300w, https:\/\/blog.iese.edu\/nuriachinchilla\/files\/2017\/02\/paquete-de-iconos-flat-de-las-redes-sociales_1051-1087-150x150.jpg 150w, https:\/\/blog.iese.edu\/nuriachinchilla\/files\/2017\/02\/paquete-de-iconos-flat-de-las-redes-sociales_1051-1087.jpg 338w\" sizes=\"auto, (max-width: 300px) 100vw, 300px\" \/><\/a><\/p>\n<blockquote><p><em>Considerar que estos j\u00f3venes van a saber aprovechar el enorme potencial de estas tecnolog\u00edas en su desarrollo como personas y en el progreso de nuestra sociedad de forma casi instintiva, sin que tengan el apoyo de la familia y sin que dise\u00f1emos y apliquemos planes educativos al respecto, resulta absurdo.<\/em><\/p>\n<p><em>En otras palabras, los nativos digitales, m\u00e1s que existir, sobreviven, y nosotros como padres, pol\u00edticos y educadores debemos ayudarles. Este libro, en el que colaboran expertos en la materia de diversas disciplinas, quiere aportar una visi\u00f3n distinta, por lo que nos parece una herramienta fundamental para la labor que tenemos por delante.\u00bb<\/em><\/p><\/blockquote>\n<p>Anna Plans nos da unas <strong>recomendaciones<\/strong> para ocupar el papel que nos corresponde, educando a nuestros hijos tambi\u00e9n en su comportamiento digital:<\/p>\n<ul>\n<li>Desarrollo de h\u00e1bitos y virtudes, como ya nos dec\u00eda Arist\u00f3teles: pon\u00e9rselo m\u00e1s dif\u00edcil reduciendo el acceso a wifi, los datos&#8230;<\/li>\n<li>Retrasar al m\u00e1ximo la edad de acceso a las redes sociales y el uso del m\u00f3vil.<\/li>\n<li>Formarse y estar en sus redes: acompa\u00f1amiento digital.<\/li>\n<li>Dar ejemplo de desconexi\u00f3n: lo que nos vean hacer es lo que les llamar\u00e1 la atenci\u00f3n, no tanto lo que les digamos.<\/li>\n<li>Tener zonas y momentos <em>offline.\u00a0<\/em>Encontrar alternativas para estos momentos. La combinaci\u00f3n lectura + deporte + amistades <em>offline <\/em>puede funcionar muy bien, acompa\u00f1ados de nuestro ejemplo.<\/li>\n<\/ul>\n<p>Por algo ser\u00e1 que los \u00abcerebrines\u00bb de Sillicon Valley no dejan que sus hijos tengan acceso, no solo a las redes sociales, sino tampoco a los aparatos. No tienen m\u00f3viles, tabletas, tv&#8230;<\/p>\n<p style=\"text-align: center\"><a href=\"https:\/\/blog.iese.edu\/nuriachinchilla\/files\/2017\/02\/IMG_20170216_171716.jpg\"><img loading=\"lazy\" decoding=\"async\" class=\"alignnone size-medium wp-image-9819\" src=\"https:\/\/blog.iese.edu\/nuriachinchilla\/files\/2017\/02\/IMG_20170216_171716-300x225.jpg\" alt=\"IMG_20170216_171716\" width=\"300\" height=\"225\" srcset=\"https:\/\/blog.iese.edu\/nuriachinchilla\/files\/2017\/02\/IMG_20170216_171716-300x225.jpg 300w, https:\/\/blog.iese.edu\/nuriachinchilla\/files\/2017\/02\/IMG_20170216_171716-768x576.jpg 768w, https:\/\/blog.iese.edu\/nuriachinchilla\/files\/2017\/02\/IMG_20170216_171716-1024x768.jpg 1024w, https:\/\/blog.iese.edu\/nuriachinchilla\/files\/2017\/02\/IMG_20170216_171716.jpg 2048w\" sizes=\"auto, (max-width: 300px) 100vw, 300px\" \/><\/a><\/p>\n<p>Esta misma ma\u00f1ana, el ministerio del Interior ha informado de la detenci\u00f3n de una red de pornograf\u00eda infantil. El dato m\u00e1s sorprendente, dentro de lo duro de las im\u00e1genes: <strong>la reducci\u00f3n de la edad de los consumidores<\/strong> (s\u00ed, de los consumidores) de ese material. Adolescentes.<\/p>\n<p>No dejemos que sean hu\u00e9rfanos digitales, hagamos <strong>pedagog\u00eda<\/strong> con ellos, ayud\u00e1ndoles a <strong>anticipar las consecuencias<\/strong> de no saber poner l\u00edmites en cu\u00e1ndo, cu\u00e1nto y con qui\u00e9n conectarse.<\/p>\n<p>&nbsp;<\/p>\n<p>&nbsp;<\/p>\n<p>&nbsp;<\/p>\n<p>&nbsp;<\/p>\n","protected":false},"excerpt":{"rendered":"<p>Si est\u00e1is leyendo este nuevo post, es posible que quer\u00e1is reenviarlo a vuestros contactos en alguna de las muchas redes sociales que todos utilizamos cada d\u00eda&#8230;twittearlo, colgarlo en Facebook&#8230; Son acciones que realizamos cada d\u00eda. Adem\u00e1s, los avances de la tecnolog\u00eda nos lo ponen cada vez m\u00e1s f\u00e1cil: nos guardan las contrase\u00f1as, nos recuerdan las [&hellip;]<\/p>\n","protected":false},"author":2062,"featured_media":0,"comment_status":"open","ping_status":"open","sticky":false,"template":"","format":"standard","meta":{"footnotes":""},"categories":[93061,100977,61165,13148,12828,10584,10585,42613,100908,100966,100976],"tags":[100978,93093,100983,100979,100981,100987,176,100985,100988,100982,100989,87686,100984,58720,87719,73160],"class_list":["post-9801","post","type-post","status-publish","format-standard","hentry","category-adiccion-a-las-redes-sociales","category-adiccion-digital","category-antropologia","category-comunicacion","category-crecimiento","category-ecologia-humana-social","category-educacion","category-ejemplaridad","category-i-wil-lunch","category-influencia","category-mundo-digital","tag-anna-plans","tag-aristoteles","tag-ciberacoso","tag-contel","tag-data-brokers","tag-depredadores-sexuales","tag-facebook","tag-groomers","tag-huerfanos-digitales","tag-instagram","tag-nativos-digitales","tag-pornografia","tag-sexting","tag-tic","tag-twitter","tag-whatsapp"],"_links":{"self":[{"href":"https:\/\/blog.iese.edu\/nuriachinchilla\/wp-json\/wp\/v2\/posts\/9801","targetHints":{"allow":["GET"]}}],"collection":[{"href":"https:\/\/blog.iese.edu\/nuriachinchilla\/wp-json\/wp\/v2\/posts"}],"about":[{"href":"https:\/\/blog.iese.edu\/nuriachinchilla\/wp-json\/wp\/v2\/types\/post"}],"author":[{"embeddable":true,"href":"https:\/\/blog.iese.edu\/nuriachinchilla\/wp-json\/wp\/v2\/users\/2062"}],"replies":[{"embeddable":true,"href":"https:\/\/blog.iese.edu\/nuriachinchilla\/wp-json\/wp\/v2\/comments?post=9801"}],"version-history":[{"count":13,"href":"https:\/\/blog.iese.edu\/nuriachinchilla\/wp-json\/wp\/v2\/posts\/9801\/revisions"}],"predecessor-version":[{"id":9820,"href":"https:\/\/blog.iese.edu\/nuriachinchilla\/wp-json\/wp\/v2\/posts\/9801\/revisions\/9820"}],"wp:attachment":[{"href":"https:\/\/blog.iese.edu\/nuriachinchilla\/wp-json\/wp\/v2\/media?parent=9801"}],"wp:term":[{"taxonomy":"category","embeddable":true,"href":"https:\/\/blog.iese.edu\/nuriachinchilla\/wp-json\/wp\/v2\/categories?post=9801"},{"taxonomy":"post_tag","embeddable":true,"href":"https:\/\/blog.iese.edu\/nuriachinchilla\/wp-json\/wp\/v2\/tags?post=9801"}],"curies":[{"name":"wp","href":"https:\/\/api.w.org\/{rel}","templated":true}]}}